{"id":91523,"date":"2019-08-30T15:09:26","date_gmt":"2019-08-30T13:09:26","guid":{"rendered":"http:\/\/polishscience.pl\/?p=91523"},"modified":"2019-08-30T15:43:54","modified_gmt":"2019-08-30T13:43:54","slug":"versammlung-der-dekanen-der-fakultaeten-fuer-recht-von-oeffentlichen-hochschulen-an-der-universitaet-zielona-gora","status":"publish","type":"post","link":"https:\/\/www.polishscience.pl\/de\/versammlung-der-dekanen-der-fakultaeten-fuer-recht-von-oeffentlichen-hochschulen-an-der-universitaet-zielona-gora\/","title":{"rendered":"Versammlung der Dekanen der Fakult\u00e4ten f\u00fcr Recht von \u00f6ffentlichen Hochschulen an der Universit\u00e4t Zielona G\u00f3ra"},"content":{"rendered":"<p><strong>Die Fakult\u00e4t f\u00fcr Recht und Verwaltung der Universit\u00e4t Zielona G\u00f3ra wird vom 4. bis zum 6. September der Gastgeber der Versammlung der Dekanen der Fakult\u00e4ten f\u00fcr Recht an \u00f6ffentlichen Hochschulen sein. Das Treffen wird die wissenschaftliche Konferenz \u201eRechtslernen und -lehren im Licht des Gesetzes 2.0. Erste Erfahrungen und Perspektiven\u201c begleiten.<\/strong><\/p>\n<p>Die Auswahl des Konferenzthemas war mit der dringenden Notwendigkeit des Austauschs von Meinungen und Erfahrungen sowie der Diskussion \u00fcber die Folgen der neuen L\u00f6sungen begr\u00fcndet. Die sog. Verfassung f\u00fcr Wissenschaft ist eben ein Novum f\u00fcr das ganze akademische Umfeld, darunter auch f\u00fcr Juristen, die Rechtswissenschaften vertreten und junge Rechtsanw\u00e4lte ausbilden \u2013 teilt die Universit\u00e4t mit.<\/p>\n<p>Die Einf\u00fchrungsreferate werden ausgezeichnete Mitglieder der aufgrund des neuen Gesetzes eingesetzten Organe \u2013 des Rates f\u00fcr Wissenschaftliche Exzellenz und des Komitees f\u00fcr Evaluierung der wissenschaftlichen Einheiten \u2013 halten. Man wird auch praktische Folgen der Reform und ihre Auswirkung auf jedes von den auf der Versammlung vertretenen Wissenschaftszentren besprechen.<\/p>\n<p>Mehr:<\/p>\n<p><a href=\"http:\/\/www.infoserwis.uz.zgora.pl\/index.php?wydzia-prawa-i-administracji-uz-gospodarzem-zjazdu-dziekanow-wydziaow-prawa-uczelni-publicznych\">http:\/\/www.infoserwis.uz.zgora.pl\/index.php?wydzia-prawa-i-administracji-uz-gospodarzem-zjazdu-dziekanow-wydziaow-prawa-uczelni-publicznych<\/a><\/p>\n","protected":false},"excerpt":{"rendered":"<p>Die Fakult\u00e4t f\u00fcr Recht und Verwaltung der Universit\u00e4t Zielona G\u00f3ra wird vom 4. bis zum 6. September der Gastgeber der Versammlung der Dekanen der Fakult\u00e4ten f\u00fcr Recht an \u00f6ffentlichen Hochschulen sein. Das Treffen wird die wissenschaftliche Konferenz \u201eRechtslernen und -lehren im Licht des Gesetzes 2.0. Erste Erfahrungen und Perspektiven\u201c begleiten. Die Auswahl des Konferenzthemas war [&hellip;]<\/p>\n","protected":false},"author":9,"featured_media":0,"comment_status":"closed","ping_status":"closed","sticky":false,"template":"","format":"standard","meta":[],"categories":[61,65],"tags":[],"_links":{"self":[{"href":"https:\/\/www.polishscience.pl\/de\/wp-json\/wp\/v2\/posts\/91523"}],"collection":[{"href":"https:\/\/www.polishscience.pl\/de\/wp-json\/wp\/v2\/posts"}],"about":[{"href":"https:\/\/www.polishscience.pl\/de\/wp-json\/wp\/v2\/types\/post"}],"author":[{"embeddable":true,"href":"https:\/\/www.polishscience.pl\/de\/wp-json\/wp\/v2\/users\/9"}],"replies":[{"embeddable":true,"href":"https:\/\/www.polishscience.pl\/de\/wp-json\/wp\/v2\/comments?post=91523"}],"version-history":[{"count":0,"href":"https:\/\/www.polishscience.pl\/de\/wp-json\/wp\/v2\/posts\/91523\/revisions"}],"wp:attachment":[{"href":"https:\/\/www.polishscience.pl\/de\/wp-json\/wp\/v2\/media?parent=91523"}],"wp:term":[{"taxonomy":"category","embeddable":true,"href":"https:\/\/www.polishscience.pl\/de\/wp-json\/wp\/v2\/categories?post=91523"},{"taxonomy":"post_tag","embeddable":true,"href":"https:\/\/www.polishscience.pl\/de\/wp-json\/wp\/v2\/tags?post=91523"}],"curies":[{"name":"wp","href":"https:\/\/api.w.org\/{rel}","templated":true}]}}