{"id":91491,"date":"2019-08-29T15:30:27","date_gmt":"2019-08-29T13:30:27","guid":{"rendered":"http:\/\/polishscience.pl\/?p=91491"},"modified":"2019-08-29T21:30:45","modified_gmt":"2019-08-29T19:30:45","slug":"benachteiligungen-in-der-bildung-forum-fuer-gedanken-und-erfahrungsaustausch-an-der-schlesischen-universitaet","status":"publish","type":"post","link":"https:\/\/www.polishscience.pl\/de\/benachteiligungen-in-der-bildung-forum-fuer-gedanken-und-erfahrungsaustausch-an-der-schlesischen-universitaet\/","title":{"rendered":"Benachteiligungen in der Bildung. Forum f\u00fcr Gedanken- und Erfahrungsaustausch an der Schlesischen Universit\u00e4t"},"content":{"rendered":"<p><strong>Die Fakult\u00e4t f\u00fcr Ethnologie und Bildungswissenschaften der Schlesischen Universit\u00e4t l\u00e4dt am 20. November zu der internationalen wissenschaftlichen Konferenz \u201eBenachteiligungen in der Bildung. Forum f\u00fcr Gedanken- und Erfahrungsaustausch\u201c ein. Die Veranstaltung ist an Vertreter der Schulen, Kindergarten, Einrichtungen der speziellen Ausbildung, Seniorenuniversit\u00e4ten, Selbstverwaltungseinrichtungen, Nichtregierungsorganisationen und Gewerkschaften gerichtet.<\/strong><\/p>\n<p>Unter den Konferenzthemen gibt es folgende: geschlechtsspezifische Ungleichheiten in Bezug auf die Ausbildung; behinderte Personen in der Ausbildungspraxis; Chancen und Barrieren in der Ausbildung von \u00e4lteren Personen; ethnische Abstammung vs. Ausbildungschancen und \u00a0Leistungen der Sch\u00fcler.<\/p>\n<p>Die Organisatoren sagen auch die Besprechung von folgenden Themen an: Personen mit einer anderen sexuellen Ausrichtung in Ausbildungseinrichtungen; Gl\u00e4ubige und Ungl\u00e4ubige in der Schule; Verbesserung der Ausbildungschancen in l\u00e4ndlichen Gebieten und in kleinen St\u00e4dten sowie die Rolle und M\u00f6glichkeiten der Selbstverwaltung in der Einf\u00fchrung der gleichen und gerechten Ausbildung.<\/p>\n","protected":false},"excerpt":{"rendered":"<p>Die Fakult\u00e4t f\u00fcr Ethnologie und Bildungswissenschaften der Schlesischen Universit\u00e4t l\u00e4dt am 20. November zu der internationalen wissenschaftlichen Konferenz \u201eBenachteiligungen in der Bildung. Forum f\u00fcr Gedanken- und Erfahrungsaustausch\u201c ein. Die Veranstaltung ist an Vertreter der Schulen, Kindergarten, Einrichtungen der speziellen Ausbildung, Seniorenuniversit\u00e4ten, Selbstverwaltungseinrichtungen, Nichtregierungsorganisationen und Gewerkschaften gerichtet. Unter den Konferenzthemen gibt es folgende: geschlechtsspezifische Ungleichheiten in [&hellip;]<\/p>\n","protected":false},"author":9,"featured_media":0,"comment_status":"closed","ping_status":"closed","sticky":false,"template":"","format":"standard","meta":[],"categories":[65],"tags":[],"_links":{"self":[{"href":"https:\/\/www.polishscience.pl\/de\/wp-json\/wp\/v2\/posts\/91491"}],"collection":[{"href":"https:\/\/www.polishscience.pl\/de\/wp-json\/wp\/v2\/posts"}],"about":[{"href":"https:\/\/www.polishscience.pl\/de\/wp-json\/wp\/v2\/types\/post"}],"author":[{"embeddable":true,"href":"https:\/\/www.polishscience.pl\/de\/wp-json\/wp\/v2\/users\/9"}],"replies":[{"embeddable":true,"href":"https:\/\/www.polishscience.pl\/de\/wp-json\/wp\/v2\/comments?post=91491"}],"version-history":[{"count":0,"href":"https:\/\/www.polishscience.pl\/de\/wp-json\/wp\/v2\/posts\/91491\/revisions"}],"wp:attachment":[{"href":"https:\/\/www.polishscience.pl\/de\/wp-json\/wp\/v2\/media?parent=91491"}],"wp:term":[{"taxonomy":"category","embeddable":true,"href":"https:\/\/www.polishscience.pl\/de\/wp-json\/wp\/v2\/categories?post=91491"},{"taxonomy":"post_tag","embeddable":true,"href":"https:\/\/www.polishscience.pl\/de\/wp-json\/wp\/v2\/tags?post=91491"}],"curies":[{"name":"wp","href":"https:\/\/api.w.org\/{rel}","templated":true}]}}