{"id":91487,"date":"2019-08-29T21:29:05","date_gmt":"2019-08-29T19:29:05","guid":{"rendered":"http:\/\/polishscience.pl\/?p=91487"},"modified":"2019-08-29T21:29:05","modified_gmt":"2019-08-29T19:29:05","slug":"konferenz-kinder-aktivieren-am-5-september-im-zentrum-fuer-wissenschaftliche-medizinische-information-breslau","status":"publish","type":"post","link":"https:\/\/www.polishscience.pl\/de\/konferenz-kinder-aktivieren-am-5-september-im-zentrum-fuer-wissenschaftliche-medizinische-information-breslau\/","title":{"rendered":"Konferenz \u201eKinder aktivieren\u201d am 5. September im Zentrum f\u00fcr Wissenschaftliche Medizinische Information Breslau"},"content":{"rendered":"<p><strong>Die Medizinischen Universit\u00e4t und Akademie f\u00fcr K\u00f6rperkultur Breslau laden gemeinsam mit dem Stadtamt von Breslau Experten, \u00c4rzte, Lehrer und vor allem Eltern zu der Konferenz \u201eKinder aktivieren\u201c, die am 5. September im Zentrum f\u00fcr Wissenschaftliche Medizinische Information Breslau stattfinden wird, ein.<\/strong><\/p>\n<p>&#8211; Wissenschaftler, \u00c4rzte und Experten werden ihre Forschung pr\u00e4sentieren, was das wissenschaftliche Umfeld interessieren wird. Sie sollen es aber so zug\u00e4nglich mitteilen, dass auch die anwesenden Eltern die M\u00f6glichkeit haben werden, f\u00fcr sich n\u00fctzliche Informationen einzuholen \u2013 erkl\u00e4rt der Hauptorganisator der Veranstaltung, Prof. Tomasz Zato\u0144ski von der Medizinischen Universit\u00e4t Breslau.<\/p>\n<p>Das Programm umfasst zahlreiche interessante Themen von der Analyse des Ern\u00e4hrungszustands und des Wachstums von Kindern, durch die \u00dcberlegungen dar\u00fcber, ob der Zucker tats\u00e4chlich der Feind ist und wie die Bakterien die Fettleibigkeit beeinflussen k\u00f6nnen. Man wird auch auf die k\u00f6rperliche Aktivit\u00e4t einen gro\u00dfen Wert legen \u2013 vor allem im Kontext dessen, wie die Sportinteressen mit dem Sportunterricht einhergehen.<\/p>\n","protected":false},"excerpt":{"rendered":"<p>Die Medizinischen Universit\u00e4t und Akademie f\u00fcr K\u00f6rperkultur Breslau laden gemeinsam mit dem Stadtamt von Breslau Experten, \u00c4rzte, Lehrer und vor allem Eltern zu der Konferenz \u201eKinder aktivieren\u201c, die am 5. September im Zentrum f\u00fcr Wissenschaftliche Medizinische Information Breslau stattfinden wird, ein. &#8211; Wissenschaftler, \u00c4rzte und Experten werden ihre Forschung pr\u00e4sentieren, was das wissenschaftliche Umfeld interessieren [&hellip;]<\/p>\n","protected":false},"author":9,"featured_media":0,"comment_status":"closed","ping_status":"closed","sticky":false,"template":"","format":"standard","meta":[],"categories":[63,65],"tags":[],"_links":{"self":[{"href":"https:\/\/www.polishscience.pl\/de\/wp-json\/wp\/v2\/posts\/91487"}],"collection":[{"href":"https:\/\/www.polishscience.pl\/de\/wp-json\/wp\/v2\/posts"}],"about":[{"href":"https:\/\/www.polishscience.pl\/de\/wp-json\/wp\/v2\/types\/post"}],"author":[{"embeddable":true,"href":"https:\/\/www.polishscience.pl\/de\/wp-json\/wp\/v2\/users\/9"}],"replies":[{"embeddable":true,"href":"https:\/\/www.polishscience.pl\/de\/wp-json\/wp\/v2\/comments?post=91487"}],"version-history":[{"count":0,"href":"https:\/\/www.polishscience.pl\/de\/wp-json\/wp\/v2\/posts\/91487\/revisions"}],"wp:attachment":[{"href":"https:\/\/www.polishscience.pl\/de\/wp-json\/wp\/v2\/media?parent=91487"}],"wp:term":[{"taxonomy":"category","embeddable":true,"href":"https:\/\/www.polishscience.pl\/de\/wp-json\/wp\/v2\/categories?post=91487"},{"taxonomy":"post_tag","embeddable":true,"href":"https:\/\/www.polishscience.pl\/de\/wp-json\/wp\/v2\/tags?post=91487"}],"curies":[{"name":"wp","href":"https:\/\/api.w.org\/{rel}","templated":true}]}}