{"id":90979,"date":"2019-08-27T12:34:40","date_gmt":"2019-08-27T10:34:40","guid":{"rendered":"http:\/\/polishscience.pl\/?p=90979"},"modified":"2019-08-27T16:34:58","modified_gmt":"2019-08-27T14:34:58","slug":"globales-forum-fuer-dekanen-des-rechtes-und-konferenz-international-association-of-law-schools-an-der-universitaet-danzig","status":"publish","type":"post","link":"https:\/\/www.polishscience.pl\/de\/globales-forum-fuer-dekanen-des-rechtes-und-konferenz-international-association-of-law-schools-an-der-universitaet-danzig\/","title":{"rendered":"Globales Forum f\u00fcr Dekanen des Rechtes und Konferenz International Association of Law Schools an der Universit\u00e4t Danzig"},"content":{"rendered":"<p><strong>Die Fakult\u00e4t f\u00fcr Recht und Verwaltung der Universit\u00e4t Danzig wird vom 18. bis zum 22. September Gastgeber des Globalen Forums f\u00fcr <\/strong><strong>Dekanen des Rechtes und der Konferenz der <\/strong><strong>International Association of Law Schools (IALS) sein. Die Veranstaltung wird zum ersten Mal in Polen organisiert.<\/strong><\/p>\n<p>IALS ist eine renommierte akademische Vereinigung, die wissenschaftliche und Hochschuleinrichtungen, welche im Bereich der Rechtswissenschaften ausbilden, vereinigt. W\u00e4hrend des Global Law Dean\u2019s Forum werden die Dekanen der Fakult\u00e4ten f\u00fcr Recht \u00fcber die strategischen Visionen und Standards f\u00fcr die globale rechtliche Ausbildung diskutieren sowie die Rolle von Hochschulen und der Justiz bei der Gestaltung des rechtlichen Denkens besprechen.<\/p>\n<p>Nach dem Forum werden die G\u00e4ste an der allj\u00e4hrlichen Konferenz der IALS teilnehmen, auf der man \u00fcber die Probleme der Methodologie der Rechtslehre, ausgew\u00e4hlte Fragen in Bezug auf bestimmte Rechtsgebiete sowie \u00fcber die Interaktion des Rechtes mit der Wirtschaft, Kultur und neuen Technologien diskutieren.<\/p>\n","protected":false},"excerpt":{"rendered":"<p>Die Fakult\u00e4t f\u00fcr Recht und Verwaltung der Universit\u00e4t Danzig wird vom 18. bis zum 22. September Gastgeber des Globalen Forums f\u00fcr Dekanen des Rechtes und der Konferenz der International Association of Law Schools (IALS) sein. Die Veranstaltung wird zum ersten Mal in Polen organisiert. IALS ist eine renommierte akademische Vereinigung, die wissenschaftliche und Hochschuleinrichtungen, welche [&hellip;]<\/p>\n","protected":false},"author":9,"featured_media":0,"comment_status":"closed","ping_status":"closed","sticky":false,"template":"","format":"standard","meta":[],"categories":[61,65],"tags":[],"_links":{"self":[{"href":"https:\/\/www.polishscience.pl\/de\/wp-json\/wp\/v2\/posts\/90979"}],"collection":[{"href":"https:\/\/www.polishscience.pl\/de\/wp-json\/wp\/v2\/posts"}],"about":[{"href":"https:\/\/www.polishscience.pl\/de\/wp-json\/wp\/v2\/types\/post"}],"author":[{"embeddable":true,"href":"https:\/\/www.polishscience.pl\/de\/wp-json\/wp\/v2\/users\/9"}],"replies":[{"embeddable":true,"href":"https:\/\/www.polishscience.pl\/de\/wp-json\/wp\/v2\/comments?post=90979"}],"version-history":[{"count":0,"href":"https:\/\/www.polishscience.pl\/de\/wp-json\/wp\/v2\/posts\/90979\/revisions"}],"wp:attachment":[{"href":"https:\/\/www.polishscience.pl\/de\/wp-json\/wp\/v2\/media?parent=90979"}],"wp:term":[{"taxonomy":"category","embeddable":true,"href":"https:\/\/www.polishscience.pl\/de\/wp-json\/wp\/v2\/categories?post=90979"},{"taxonomy":"post_tag","embeddable":true,"href":"https:\/\/www.polishscience.pl\/de\/wp-json\/wp\/v2\/tags?post=90979"}],"curies":[{"name":"wp","href":"https:\/\/api.w.org\/{rel}","templated":true}]}}