{"id":90418,"date":"2019-08-22T11:03:01","date_gmt":"2019-08-22T09:03:01","guid":{"rendered":"http:\/\/polishscience.pl\/?p=90418"},"modified":"2019-08-22T12:03:19","modified_gmt":"2019-08-22T10:03:19","slug":"16-lubliner-wissenschaftsfestival","status":"publish","type":"post","link":"https:\/\/www.polishscience.pl\/de\/16-lubliner-wissenschaftsfestival\/","title":{"rendered":"16. Lubliner Wissenschaftsfestival"},"content":{"rendered":"<p><strong>Vom 16. bis zum 20. September wird das 16. Lubliner Wissenschaftsfestival mit dem Motto \u201eWissenschaft \u2013 Technik \u2013 Innovation\u201c stattfinden. Hauptorganisator der Veranstaltung ist die Technische Universit\u00e4t Lublin.<\/strong><\/p>\n<p>Die G\u00e4ste des Festivals werden eine Gelegenheit haben, an Workshops, Pr\u00e4sentationen, Vortr\u00e4gen, Diskussionen, Experimenten sowie Demonstrationen, Wettbewerben, Ausstellungen und Vorf\u00fchrungen teilzunehmen. Im Rahmen des Festivals werden auch Freilichtveranstaltungen, Signierstunden, Lernspiele und Konzerte stattfinden. Die Hochschulen werden zu der Besichtigung ihrer Labore einladen.<\/p>\n<p>Die Veranstaltungen des Festivals laden zu einer Reise durch mehrere Disziplinen ein: von Ingenieurwissenschaften, durch Medizin, Psychologie, Philosophie, P\u00e4dagogik, bis zu bildenden K\u00fcnsten und dem Theater \u2013 erkl\u00e4rt Prof. Anna Halicka, Prorektorin f\u00fcr Zusammenarbeit mit dem sozialen und gesch\u00e4ftlichen Umfeld der Technischen Universit\u00e4t Lublin.<\/p>\n","protected":false},"excerpt":{"rendered":"<p>Vom 16. bis zum 20. September wird das 16. Lubliner Wissenschaftsfestival mit dem Motto \u201eWissenschaft \u2013 Technik \u2013 Innovation\u201c stattfinden. Hauptorganisator der Veranstaltung ist die Technische Universit\u00e4t Lublin. Die G\u00e4ste des Festivals werden eine Gelegenheit haben, an Workshops, Pr\u00e4sentationen, Vortr\u00e4gen, Diskussionen, Experimenten sowie Demonstrationen, Wettbewerben, Ausstellungen und Vorf\u00fchrungen teilzunehmen. Im Rahmen des Festivals werden auch [&hellip;]<\/p>\n","protected":false},"author":9,"featured_media":0,"comment_status":"closed","ping_status":"closed","sticky":false,"template":"","format":"standard","meta":[],"categories":[65],"tags":[],"_links":{"self":[{"href":"https:\/\/www.polishscience.pl\/de\/wp-json\/wp\/v2\/posts\/90418"}],"collection":[{"href":"https:\/\/www.polishscience.pl\/de\/wp-json\/wp\/v2\/posts"}],"about":[{"href":"https:\/\/www.polishscience.pl\/de\/wp-json\/wp\/v2\/types\/post"}],"author":[{"embeddable":true,"href":"https:\/\/www.polishscience.pl\/de\/wp-json\/wp\/v2\/users\/9"}],"replies":[{"embeddable":true,"href":"https:\/\/www.polishscience.pl\/de\/wp-json\/wp\/v2\/comments?post=90418"}],"version-history":[{"count":0,"href":"https:\/\/www.polishscience.pl\/de\/wp-json\/wp\/v2\/posts\/90418\/revisions"}],"wp:attachment":[{"href":"https:\/\/www.polishscience.pl\/de\/wp-json\/wp\/v2\/media?parent=90418"}],"wp:term":[{"taxonomy":"category","embeddable":true,"href":"https:\/\/www.polishscience.pl\/de\/wp-json\/wp\/v2\/categories?post=90418"},{"taxonomy":"post_tag","embeddable":true,"href":"https:\/\/www.polishscience.pl\/de\/wp-json\/wp\/v2\/tags?post=90418"}],"curies":[{"name":"wp","href":"https:\/\/api.w.org\/{rel}","templated":true}]}}