{"id":90210,"date":"2019-08-20T16:57:10","date_gmt":"2019-08-20T14:57:10","guid":{"rendered":"http:\/\/polishscience.pl\/?p=90210"},"modified":"2019-08-21T11:57:37","modified_gmt":"2019-08-21T09:57:37","slug":"vorschlaege-fuer-den-wissenschaftlichen-preis-des-praesidenten-von-breslau","status":"publish","type":"post","link":"https:\/\/www.polishscience.pl\/de\/vorschlaege-fuer-den-wissenschaftlichen-preis-des-praesidenten-von-breslau\/","title":{"rendered":"Vorschl\u00e4ge f\u00fcr den Wissenschaftlichen Preis des Pr\u00e4sidenten von Breslau"},"content":{"rendered":"<p><strong>Bis zum 13. September kann man Vorschl\u00e4ge f\u00fcr den Wissenschaftlichen Preis des Pr\u00e4sidenten von Breslau f\u00fcr wissenschaftliche Forschung, die das akademische Umfeld in der Stadt integriert, einreichen. Zu der Einreichung von Vorschl\u00e4gen sind F\u00fchrer und hervorragende Vertreter des akademischen Milieus von Breslau eingeladen. Den Preistr\u00e4ger werden wir w\u00e4hrend der Er\u00f6ffnung des Studienjahres kennen lernen. \u00a0<\/strong><\/p>\n<p>Die Vorschl\u00e4ge f\u00fcr den Breslauer Wissenschaftlichen Preises sollen die Beschreibung der wissenschaftlichen Leistungen eines Kandidaten und seiner interdisziplin\u00e4ren Aktivit\u00e4ten sowie die Beschreibung der Verdienste im Bereich der Integration des akademischen\/wissenschaftlichen\/k\u00fcnstlerischen Umfelds von Breslau enthalten. Die Form des Antrags kann frei gew\u00e4hlt werden.<\/p>\n<p>Die interdisziplin\u00e4re Forschung kann f\u00fcr ein Vorbild der gemeinsamen Arbeit von akademischen und k\u00fcnstlerischen Kreisen f\u00fcr das Gemeinwohl, was auch die Entwicklung der Stadt bedeutet, gehalten werden. Deswegen hat der Pr\u00e4sident Rafa\u0142 Dutkiewicz den Wissenschaftlichen Preis f\u00fcr die das akademische Milieu integrierende Forschung geschaffen \u2013 liest man auf der Internetseite des Breslauer Akademischen Zentrums.<\/p>\n","protected":false},"excerpt":{"rendered":"<p>Bis zum 13. September kann man Vorschl\u00e4ge f\u00fcr den Wissenschaftlichen Preis des Pr\u00e4sidenten von Breslau f\u00fcr wissenschaftliche Forschung, die das akademische Umfeld in der Stadt integriert, einreichen. Zu der Einreichung von Vorschl\u00e4gen sind F\u00fchrer und hervorragende Vertreter des akademischen Milieus von Breslau eingeladen. Den Preistr\u00e4ger werden wir w\u00e4hrend der Er\u00f6ffnung des Studienjahres kennen lernen. \u00a0 [&hellip;]<\/p>\n","protected":false},"author":9,"featured_media":0,"comment_status":"closed","ping_status":"closed","sticky":false,"template":"","format":"standard","meta":[],"categories":[65],"tags":[],"_links":{"self":[{"href":"https:\/\/www.polishscience.pl\/de\/wp-json\/wp\/v2\/posts\/90210"}],"collection":[{"href":"https:\/\/www.polishscience.pl\/de\/wp-json\/wp\/v2\/posts"}],"about":[{"href":"https:\/\/www.polishscience.pl\/de\/wp-json\/wp\/v2\/types\/post"}],"author":[{"embeddable":true,"href":"https:\/\/www.polishscience.pl\/de\/wp-json\/wp\/v2\/users\/9"}],"replies":[{"embeddable":true,"href":"https:\/\/www.polishscience.pl\/de\/wp-json\/wp\/v2\/comments?post=90210"}],"version-history":[{"count":0,"href":"https:\/\/www.polishscience.pl\/de\/wp-json\/wp\/v2\/posts\/90210\/revisions"}],"wp:attachment":[{"href":"https:\/\/www.polishscience.pl\/de\/wp-json\/wp\/v2\/media?parent=90210"}],"wp:term":[{"taxonomy":"category","embeddable":true,"href":"https:\/\/www.polishscience.pl\/de\/wp-json\/wp\/v2\/categories?post=90210"},{"taxonomy":"post_tag","embeddable":true,"href":"https:\/\/www.polishscience.pl\/de\/wp-json\/wp\/v2\/tags?post=90210"}],"curies":[{"name":"wp","href":"https:\/\/api.w.org\/{rel}","templated":true}]}}