{"id":89837,"date":"2019-08-19T13:39:25","date_gmt":"2019-08-19T11:39:25","guid":{"rendered":"http:\/\/polishscience.pl\/?p=89837"},"modified":"2019-08-19T13:39:25","modified_gmt":"2019-08-19T11:39:25","slug":"akademische-leader-schule-der-technischen-universitaet-lodz","status":"publish","type":"post","link":"https:\/\/www.polishscience.pl\/de\/akademische-leader-schule-der-technischen-universitaet-lodz\/","title":{"rendered":"Akademische Leader-Schule der Technischen Universit\u00e4t \u0141\u00f3d\u017a"},"content":{"rendered":"<p><strong>Die Akademische Schule der Leader ist ein Projekt, das von der Stiftung der Technischen Universit\u00e4t \u0141\u00f3d\u017a durchgef\u00fchrt wird. Sie soll junge Personen zu der gesellschaftlichen und studentischen Aktivit\u00e4t ermuntern. Sie ist an Studierende der Technischen Universit\u00e4t \u0141\u00f3d\u017a und Absolventen der Hochschulen, die dieses Jahr das Studium an der Technischen Universit\u00e4t \u0141\u00f3d\u017a anfangen, gerichtet. <\/strong><\/p>\n<p>F\u00fcr die Teilnehmer des Projekts Akademische Schule der Leader hat man einen 5-t\u00e4gigen-Schulungsaufenthalt vom 9. bis zum 13. September 2019 geplant. Als Zusammenfassung der Aktion wird im November spezielle Veranstaltung f\u00fcr Studierende der Technischen Universit\u00e4t \u0141\u00f3d\u017a stattfinden. Die Teilnahme am Projekt ist kostenlos.<\/p>\n<p>Das Projekt wird vom Nationalen Institut der Freiheit \u2013 Zentrum f\u00fcr Entwicklung der Zivilgesellschaft \u00a0aus den Mitteln des Programms Fonds der B\u00fcrgerlichen Initiativen f\u00fcr die Jahre 2014-2020 mitfinanziert.<\/p>\n","protected":false},"excerpt":{"rendered":"<p>Die Akademische Schule der Leader ist ein Projekt, das von der Stiftung der Technischen Universit\u00e4t \u0141\u00f3d\u017a durchgef\u00fchrt wird. Sie soll junge Personen zu der gesellschaftlichen und studentischen Aktivit\u00e4t ermuntern. Sie ist an Studierende der Technischen Universit\u00e4t \u0141\u00f3d\u017a und Absolventen der Hochschulen, die dieses Jahr das Studium an der Technischen Universit\u00e4t \u0141\u00f3d\u017a anfangen, gerichtet. F\u00fcr die [&hellip;]<\/p>\n","protected":false},"author":9,"featured_media":0,"comment_status":"closed","ping_status":"closed","sticky":false,"template":"","format":"standard","meta":[],"categories":[59],"tags":[],"_links":{"self":[{"href":"https:\/\/www.polishscience.pl\/de\/wp-json\/wp\/v2\/posts\/89837"}],"collection":[{"href":"https:\/\/www.polishscience.pl\/de\/wp-json\/wp\/v2\/posts"}],"about":[{"href":"https:\/\/www.polishscience.pl\/de\/wp-json\/wp\/v2\/types\/post"}],"author":[{"embeddable":true,"href":"https:\/\/www.polishscience.pl\/de\/wp-json\/wp\/v2\/users\/9"}],"replies":[{"embeddable":true,"href":"https:\/\/www.polishscience.pl\/de\/wp-json\/wp\/v2\/comments?post=89837"}],"version-history":[{"count":0,"href":"https:\/\/www.polishscience.pl\/de\/wp-json\/wp\/v2\/posts\/89837\/revisions"}],"wp:attachment":[{"href":"https:\/\/www.polishscience.pl\/de\/wp-json\/wp\/v2\/media?parent=89837"}],"wp:term":[{"taxonomy":"category","embeddable":true,"href":"https:\/\/www.polishscience.pl\/de\/wp-json\/wp\/v2\/categories?post=89837"},{"taxonomy":"post_tag","embeddable":true,"href":"https:\/\/www.polishscience.pl\/de\/wp-json\/wp\/v2\/tags?post=89837"}],"curies":[{"name":"wp","href":"https:\/\/api.w.org\/{rel}","templated":true}]}}