{"id":87178,"date":"2019-07-31T13:00:03","date_gmt":"2019-07-31T11:00:03","guid":{"rendered":"http:\/\/polishscience.pl\/?p=87178"},"modified":"2019-07-31T15:19:55","modified_gmt":"2019-07-31T13:19:55","slug":"studentisches-forum-der-qualitaet-in-posen-ueber-die-internationalisierung-der-ausbildung","status":"publish","type":"post","link":"https:\/\/www.polishscience.pl\/de\/studentisches-forum-der-qualitaet-in-posen-ueber-die-internationalisierung-der-ausbildung\/","title":{"rendered":"Studentisches Forum der Qualit\u00e4t \u2013 in Posen \u00fcber die Internationalisierung der Ausbildung"},"content":{"rendered":"<p><strong>Das Parlament der Studentenvertretung der Adam-Mickiewicz-Universit\u00e4t Posen wird schon zum neunten Mal die nationale Konferenz \u00fcber die Qualit\u00e4t der Ausbildung &#8211; Studentisches Forum der Qualit\u00e4t \u2013 organisieren. Das Forum wird vom 11. bis zum 13. Oktober stattfinden, sein Thema wird die Internationalisierung der Ausbildung sein.<\/strong><\/p>\n<p>W\u00e4hrend der Konferenz werden die Vertreter der Wissenschaft, darunter Hochschullehrer, Mitglieder der Qualit\u00e4tsorgane, Studierende, die sich mit der Ausbildungsqualit\u00e4t besch\u00e4ftigen und Referenten aus den \u00e4u\u00dferen Institutionen, Podiumsdiskussionen \u00fcber Qualifikationen, die ein wichtiges Element der Ausbildung sind, f\u00fchren.<\/p>\n<p>Dieses Jahr werden sich die Teilnehmer des Forums auf dem Campus Morasko im Geb\u00e4ude der Fakult\u00e4t f\u00fcr Geschichte in ul. Uniwersytetu Pozna\u0144skiego 7 treffen \u2013 liest man in der Einladung auf der Internetseite der Universit\u00e4t.<\/p>\n","protected":false},"excerpt":{"rendered":"<p>Das Parlament der Studentenvertretung der Adam-Mickiewicz-Universit\u00e4t Posen wird schon zum neunten Mal die nationale Konferenz \u00fcber die Qualit\u00e4t der Ausbildung &#8211; Studentisches Forum der Qualit\u00e4t \u2013 organisieren. Das Forum wird vom 11. bis zum 13. Oktober stattfinden, sein Thema wird die Internationalisierung der Ausbildung sein. W\u00e4hrend der Konferenz werden die Vertreter der Wissenschaft, darunter Hochschullehrer, [&hellip;]<\/p>\n","protected":false},"author":9,"featured_media":0,"comment_status":"closed","ping_status":"closed","sticky":false,"template":"","format":"standard","meta":[],"categories":[59,65],"tags":[],"_links":{"self":[{"href":"https:\/\/www.polishscience.pl\/de\/wp-json\/wp\/v2\/posts\/87178"}],"collection":[{"href":"https:\/\/www.polishscience.pl\/de\/wp-json\/wp\/v2\/posts"}],"about":[{"href":"https:\/\/www.polishscience.pl\/de\/wp-json\/wp\/v2\/types\/post"}],"author":[{"embeddable":true,"href":"https:\/\/www.polishscience.pl\/de\/wp-json\/wp\/v2\/users\/9"}],"replies":[{"embeddable":true,"href":"https:\/\/www.polishscience.pl\/de\/wp-json\/wp\/v2\/comments?post=87178"}],"version-history":[{"count":0,"href":"https:\/\/www.polishscience.pl\/de\/wp-json\/wp\/v2\/posts\/87178\/revisions"}],"wp:attachment":[{"href":"https:\/\/www.polishscience.pl\/de\/wp-json\/wp\/v2\/media?parent=87178"}],"wp:term":[{"taxonomy":"category","embeddable":true,"href":"https:\/\/www.polishscience.pl\/de\/wp-json\/wp\/v2\/categories?post=87178"},{"taxonomy":"post_tag","embeddable":true,"href":"https:\/\/www.polishscience.pl\/de\/wp-json\/wp\/v2\/tags?post=87178"}],"curies":[{"name":"wp","href":"https:\/\/api.w.org\/{rel}","templated":true}]}}