{"id":86436,"date":"2019-07-25T14:28:39","date_gmt":"2019-07-25T12:28:39","guid":{"rendered":"http:\/\/polishscience.pl\/?p=86436"},"modified":"2019-07-25T14:28:39","modified_gmt":"2019-07-25T12:28:39","slug":"mode-im-spiegel-der-kultur-sprache-literatur-kultur-konferenz-in-oppeln","status":"publish","type":"post","link":"https:\/\/www.polishscience.pl\/de\/mode-im-spiegel-der-kultur-sprache-literatur-kultur-konferenz-in-oppeln\/","title":{"rendered":"\u201eMode im Spiegel der Kultur. SPRACHE \u2013 LITERATUR \u2013 KULTUR\u201c \u2013 Konferenz in Oppeln"},"content":{"rendered":"<p><strong>Die Fakult\u00e4t f\u00fcr Philologie der Universit\u00e4t Oppeln l\u00e4dt am 8. und 9. Oktober zu der gesamtpolnischen wissenschaftlichen Konferenz \u201eMode im Spiegel der Kultur. SPRACHE \u2013 LITERATUR \u2013 KULTUR\u201c ein. Die Konferenz ist an wissenschaftliche Mitarbeiter, Doktoranden, Absolventen der Hochschulen sowie Studierende gerichtet \u2013 teilt die Universit\u00e4t mit.<\/strong><\/p>\n<p>Die Organisatoren der Veranstaltung schlagen zweifaches Verst\u00e4ndnis der Mode vor \u2013 sowohl im Kontext der Bedeutung der Mode und der Ver\u00e4nderungen von Kleidung als auch in der Identit\u00e4ts- und Subjektperspektive. Sie sagen vielseitige Besprechung des Themas an, bei der Forscher aus unterschiedlichen Bereichen der Geisteswissenschaften \u2013 Literatur-, Sprach- und Kulturwissenschaftler engagiert werden.<\/p>\n<p>Das zweit\u00e4gige Treffen wird auch den \u00dcberlegungen im Kontext der Diskurse \u00fcber die Mode in der Literatur, im Film, im Theater, in den visuellen K\u00fcnsten, in der Popkultur, in den Medien sowie den Betrachtungen aus dem Bereich der \u00c4sthetik, Fashion Studies oder Performance gewidmet sein.<\/p>\n<p>Mehr: <a href=\"http:\/\/www.modawzwierciadlekultury.pl\">www.modawzwierciadlekultury.pl<\/a><\/p>\n","protected":false},"excerpt":{"rendered":"<p>Die Fakult\u00e4t f\u00fcr Philologie der Universit\u00e4t Oppeln l\u00e4dt am 8. und 9. Oktober zu der gesamtpolnischen wissenschaftlichen Konferenz \u201eMode im Spiegel der Kultur. SPRACHE \u2013 LITERATUR \u2013 KULTUR\u201c ein. Die Konferenz ist an wissenschaftliche Mitarbeiter, Doktoranden, Absolventen der Hochschulen sowie Studierende gerichtet \u2013 teilt die Universit\u00e4t mit. Die Organisatoren der Veranstaltung schlagen zweifaches Verst\u00e4ndnis der [&hellip;]<\/p>\n","protected":false},"author":9,"featured_media":0,"comment_status":"closed","ping_status":"closed","sticky":false,"template":"","format":"standard","meta":[],"categories":[61,65],"tags":[],"_links":{"self":[{"href":"https:\/\/www.polishscience.pl\/de\/wp-json\/wp\/v2\/posts\/86436"}],"collection":[{"href":"https:\/\/www.polishscience.pl\/de\/wp-json\/wp\/v2\/posts"}],"about":[{"href":"https:\/\/www.polishscience.pl\/de\/wp-json\/wp\/v2\/types\/post"}],"author":[{"embeddable":true,"href":"https:\/\/www.polishscience.pl\/de\/wp-json\/wp\/v2\/users\/9"}],"replies":[{"embeddable":true,"href":"https:\/\/www.polishscience.pl\/de\/wp-json\/wp\/v2\/comments?post=86436"}],"version-history":[{"count":0,"href":"https:\/\/www.polishscience.pl\/de\/wp-json\/wp\/v2\/posts\/86436\/revisions"}],"wp:attachment":[{"href":"https:\/\/www.polishscience.pl\/de\/wp-json\/wp\/v2\/media?parent=86436"}],"wp:term":[{"taxonomy":"category","embeddable":true,"href":"https:\/\/www.polishscience.pl\/de\/wp-json\/wp\/v2\/categories?post=86436"},{"taxonomy":"post_tag","embeddable":true,"href":"https:\/\/www.polishscience.pl\/de\/wp-json\/wp\/v2\/tags?post=86436"}],"curies":[{"name":"wp","href":"https:\/\/api.w.org\/{rel}","templated":true}]}}