{"id":85327,"date":"2019-07-17T10:02:37","date_gmt":"2019-07-17T08:02:37","guid":{"rendered":"http:\/\/polishscience.pl\/?p=85327"},"modified":"2019-07-17T10:02:37","modified_gmt":"2019-07-17T08:02:37","slug":"stellvertretender-ministerpraesident-sagt-die-reform-der-polnischen-akademie-der-wissenschaften-an","status":"publish","type":"post","link":"https:\/\/www.polishscience.pl\/de\/stellvertretender-ministerpraesident-sagt-die-reform-der-polnischen-akademie-der-wissenschaften-an\/","title":{"rendered":"Stellvertretender Ministerpr\u00e4sident sagt die Reform der Polnischen Akademie der Wissenschaften an"},"content":{"rendered":"<p><strong>In dieser Wahlperiode haben wir Hochschulen reformiert. In der n\u00e4chsten m\u00fcssen wir eine Institution, in der gro\u00dfes Potential kumuliert ist, also die Polnische Akademie der Wissenschaften reformieren \u2013 hat am 15. Juli 2019 der stellvertretende Ministerpr\u00e4sident, Minister f\u00fcr Wissenschaft und Hochschulbildung Jaros\u0142aw Gowin in einem Interview f\u00fcr das Radio Krak\u00f3w gesagt.<\/strong><\/p>\n<p>Im Gespr\u00e4ch hat der stellvertretende Ministerpr\u00e4sident auch auf die Notwendigkeit, die Effizienz der Nutzung von EU-Mitteln durch Wissenschaftler zu verbessern, aufmerksam gemacht.<\/p>\n<p>Seit dem EU-Beitritt zahlen wir in den Fonds f\u00fcr Wissenschaft und Forschung mehr ein als wir aus diesem Fonds erhalten. In der laufenden Wahlperiode gab es \u201eerste Schwalben\u201c. Vor kurzem haben polnische Forscher drei Stipendien im renommierten Wettbewerb erhalten. Wir haben ein Potential. Das Ministerium wird Wissenschaftler in der Bewerbung um diese Stipendien unterst\u00fctzen \u2013 versicherte der Chef des Wissenschaftsministeriums.<\/p>\n","protected":false},"excerpt":{"rendered":"<p>In dieser Wahlperiode haben wir Hochschulen reformiert. In der n\u00e4chsten m\u00fcssen wir eine Institution, in der gro\u00dfes Potential kumuliert ist, also die Polnische Akademie der Wissenschaften reformieren \u2013 hat am 15. Juli 2019 der stellvertretende Ministerpr\u00e4sident, Minister f\u00fcr Wissenschaft und Hochschulbildung Jaros\u0142aw Gowin in einem Interview f\u00fcr das Radio Krak\u00f3w gesagt. Im Gespr\u00e4ch hat der [&hellip;]<\/p>\n","protected":false},"author":9,"featured_media":0,"comment_status":"closed","ping_status":"closed","sticky":false,"template":"","format":"standard","meta":[],"categories":[65],"tags":[],"_links":{"self":[{"href":"https:\/\/www.polishscience.pl\/de\/wp-json\/wp\/v2\/posts\/85327"}],"collection":[{"href":"https:\/\/www.polishscience.pl\/de\/wp-json\/wp\/v2\/posts"}],"about":[{"href":"https:\/\/www.polishscience.pl\/de\/wp-json\/wp\/v2\/types\/post"}],"author":[{"embeddable":true,"href":"https:\/\/www.polishscience.pl\/de\/wp-json\/wp\/v2\/users\/9"}],"replies":[{"embeddable":true,"href":"https:\/\/www.polishscience.pl\/de\/wp-json\/wp\/v2\/comments?post=85327"}],"version-history":[{"count":0,"href":"https:\/\/www.polishscience.pl\/de\/wp-json\/wp\/v2\/posts\/85327\/revisions"}],"wp:attachment":[{"href":"https:\/\/www.polishscience.pl\/de\/wp-json\/wp\/v2\/media?parent=85327"}],"wp:term":[{"taxonomy":"category","embeddable":true,"href":"https:\/\/www.polishscience.pl\/de\/wp-json\/wp\/v2\/categories?post=85327"},{"taxonomy":"post_tag","embeddable":true,"href":"https:\/\/www.polishscience.pl\/de\/wp-json\/wp\/v2\/tags?post=85327"}],"curies":[{"name":"wp","href":"https:\/\/api.w.org\/{rel}","templated":true}]}}