{"id":54529,"date":"2019-01-03T15:30:01","date_gmt":"2019-01-03T14:30:01","guid":{"rendered":"http:\/\/polishscience.pl\/?p=54529"},"modified":"2019-01-03T11:00:50","modified_gmt":"2019-01-03T10:00:50","slug":"konferenz-kulturerbe-des-grenzgebiets-in-gorzow-wielkopolski","status":"publish","type":"post","link":"https:\/\/www.polishscience.pl\/de\/konferenz-kulturerbe-des-grenzgebiets-in-gorzow-wielkopolski\/","title":{"rendered":"Konferenz \u201eKulturerbe des Grenzgebiets\u201d in Gorz\u00f3w Wielkopolski"},"content":{"rendered":"<p><strong>Die Abteilung f\u00fcr Polnische Sprache der Fakult\u00e4t f\u00fcr Geisteswissenschaften\u00a0 und das Akademische Zentrum f\u00fcr Ukrainistik der Jacob-von-Paradies-Akademie in Gorz\u00f3w Wielkopolski, in Zusammenarbeit mit der Abteilung f\u00fcr Touristik der Nationalen Wassyl-Stefanyk-Universit\u00e4t der Vorkarpaten in Iwano-Frankiwsk (Ukraine), laden zur Internationalen Wissenschaftlichen Konferenz \u201eKulturerbe des Grenzgebiets\u201c ein.<\/strong><\/p>\n<p>Das Ziel der Konferenz, die am 14. und 15. Mai 2019 in Gorz\u00f3w Wielkopolski stattfindet, ist Pr\u00e4sentation der Kulturerbe des Grenzgebiets im weiteren Sinne im Hinblick auf ihren Einfluss auf die kulturelle und wissenschaftliche Entwicklung, ethnische, nationale und religi\u00f6se Identit\u00e4t, sowie auf die gegenseitigen Beziehungen.<\/p>\n<p>Die Konferenz ist an u.a. Kulturforscher, Sprachwissenschaftler, Soziologen, Politologen, Literaturwissenschaftler, P\u00e4dagogen, Katecheten, Theologen und Psychologen gerichtet.<\/p>\n","protected":false},"excerpt":{"rendered":"<p>Die Abteilung f\u00fcr Polnische Sprache der Fakult\u00e4t f\u00fcr Geisteswissenschaften\u00a0 und das Akademische Zentrum f\u00fcr Ukrainistik der Jacob-von-Paradies-Akademie in Gorz\u00f3w Wielkopolski, in Zusammenarbeit mit der Abteilung f\u00fcr Touristik der Nationalen Wassyl-Stefanyk-Universit\u00e4t der Vorkarpaten in Iwano-Frankiwsk (Ukraine), laden zur Internationalen Wissenschaftlichen Konferenz \u201eKulturerbe des Grenzgebiets\u201c ein. Das Ziel der Konferenz, die am 14. und 15. Mai 2019 [&hellip;]<\/p>\n","protected":false},"author":12,"featured_media":0,"comment_status":"closed","ping_status":"closed","sticky":false,"template":"","format":"standard","meta":[],"categories":[61,65],"tags":[],"_links":{"self":[{"href":"https:\/\/www.polishscience.pl\/de\/wp-json\/wp\/v2\/posts\/54529"}],"collection":[{"href":"https:\/\/www.polishscience.pl\/de\/wp-json\/wp\/v2\/posts"}],"about":[{"href":"https:\/\/www.polishscience.pl\/de\/wp-json\/wp\/v2\/types\/post"}],"author":[{"embeddable":true,"href":"https:\/\/www.polishscience.pl\/de\/wp-json\/wp\/v2\/users\/12"}],"replies":[{"embeddable":true,"href":"https:\/\/www.polishscience.pl\/de\/wp-json\/wp\/v2\/comments?post=54529"}],"version-history":[{"count":0,"href":"https:\/\/www.polishscience.pl\/de\/wp-json\/wp\/v2\/posts\/54529\/revisions"}],"wp:attachment":[{"href":"https:\/\/www.polishscience.pl\/de\/wp-json\/wp\/v2\/media?parent=54529"}],"wp:term":[{"taxonomy":"category","embeddable":true,"href":"https:\/\/www.polishscience.pl\/de\/wp-json\/wp\/v2\/categories?post=54529"},{"taxonomy":"post_tag","embeddable":true,"href":"https:\/\/www.polishscience.pl\/de\/wp-json\/wp\/v2\/tags?post=54529"}],"curies":[{"name":"wp","href":"https:\/\/api.w.org\/{rel}","templated":true}]}}