{"id":46240,"date":"2018-11-09T16:43:26","date_gmt":"2018-11-09T15:43:26","guid":{"rendered":"http:\/\/polishscience.pl\/?p=46240"},"modified":"2018-11-09T16:43:26","modified_gmt":"2018-11-09T15:43:26","slug":"ix-auflage-der-konferenz-die-vergangenheit-fuer-die-zukunft-an-der-schlesischen-universitaet","status":"publish","type":"post","link":"https:\/\/www.polishscience.pl\/de\/ix-auflage-der-konferenz-die-vergangenheit-fuer-die-zukunft-an-der-schlesischen-universitaet\/","title":{"rendered":"IX. Auflage der Konferenz \u201eDie Vergangenheit f\u00fcr die Zukunft\u201c an der Schlesischen Universit\u00e4t"},"content":{"rendered":"<p><strong>Das Institut f\u00fcr Sonderp\u00e4dagogik an der Fakult\u00e4t f\u00fcr Ethnologie und Bildungswissenschaften der Schlesischen Universit\u00e4t und das Regionale Zentrum f\u00fcr Sozialpolitik der Woiwodschaft Schlesien laden am 14. November 2018 zur Konferenz \u201eDie Vergangenheit f\u00fcr die Zukunft\u201c (\u201ePrzesz\u0142o\u015b\u0107 dla przysz\u0142o\u015bci\u201c) ein.<\/strong><\/p>\n<p>Das Thema diesj\u00e4hriger, neunter Auflage der Konferenz bezieht sich auf den 100. Jahrestag der Wiedergewinnung der Unabh\u00e4ngigkeit von Polen und den 100. Jahrestag des Wahlrechts f\u00fcr Frauen in Polen. Im ersten Teil der Konferenz werden historische Aspekte der Ereignisse besprochen. Im zweiten Teil findet eine Podiumsdiskussion: \u201eAktivit\u00e4t \u2013 Pr\u00e4vention \u2013 Gesundheit\u201c mit der Teilnahme der Wissenschaftler, \u00c4rzte, Politiker und Vertreter der Senioren statt. Die Mitveranstalter der Konferenz sind: der Akademische Verein f\u00fcr Sozialhilfe, die Gesellschaft <em>Aktywni Silesia<\/em> und Seniorenuniversit\u00e4ten in Cieszyn und Wodzis\u0142aw \u015al\u0105ski.<\/p>\n","protected":false},"excerpt":{"rendered":"<p>Das Institut f\u00fcr Sonderp\u00e4dagogik an der Fakult\u00e4t f\u00fcr Ethnologie und Bildungswissenschaften der Schlesischen Universit\u00e4t und das Regionale Zentrum f\u00fcr Sozialpolitik der Woiwodschaft Schlesien laden am 14. November 2018 zur Konferenz \u201eDie Vergangenheit f\u00fcr die Zukunft\u201c (\u201ePrzesz\u0142o\u015b\u0107 dla przysz\u0142o\u015bci\u201c) ein. Das Thema diesj\u00e4hriger, neunter Auflage der Konferenz bezieht sich auf den 100. Jahrestag der Wiedergewinnung der [&hellip;]<\/p>\n","protected":false},"author":12,"featured_media":0,"comment_status":"closed","ping_status":"closed","sticky":false,"template":"","format":"standard","meta":[],"categories":[61,59,65],"tags":[],"_links":{"self":[{"href":"https:\/\/www.polishscience.pl\/de\/wp-json\/wp\/v2\/posts\/46240"}],"collection":[{"href":"https:\/\/www.polishscience.pl\/de\/wp-json\/wp\/v2\/posts"}],"about":[{"href":"https:\/\/www.polishscience.pl\/de\/wp-json\/wp\/v2\/types\/post"}],"author":[{"embeddable":true,"href":"https:\/\/www.polishscience.pl\/de\/wp-json\/wp\/v2\/users\/12"}],"replies":[{"embeddable":true,"href":"https:\/\/www.polishscience.pl\/de\/wp-json\/wp\/v2\/comments?post=46240"}],"version-history":[{"count":0,"href":"https:\/\/www.polishscience.pl\/de\/wp-json\/wp\/v2\/posts\/46240\/revisions"}],"wp:attachment":[{"href":"https:\/\/www.polishscience.pl\/de\/wp-json\/wp\/v2\/media?parent=46240"}],"wp:term":[{"taxonomy":"category","embeddable":true,"href":"https:\/\/www.polishscience.pl\/de\/wp-json\/wp\/v2\/categories?post=46240"},{"taxonomy":"post_tag","embeddable":true,"href":"https:\/\/www.polishscience.pl\/de\/wp-json\/wp\/v2\/tags?post=46240"}],"curies":[{"name":"wp","href":"https:\/\/api.w.org\/{rel}","templated":true}]}}