{"id":46006,"date":"2018-11-08T16:33:09","date_gmt":"2018-11-08T15:33:09","guid":{"rendered":"http:\/\/polishscience.pl\/?p=46006"},"modified":"2018-11-08T15:48:43","modified_gmt":"2018-11-08T14:48:43","slug":"die-internationale-wissenschaftliche-konferenz-debuets-von-mickiewicz-debuets-der-romantiker-an-der-universitaet-bialystok","status":"publish","type":"post","link":"https:\/\/www.polishscience.pl\/de\/die-internationale-wissenschaftliche-konferenz-debuets-von-mickiewicz-debuets-der-romantiker-an-der-universitaet-bialystok\/","title":{"rendered":"Die Internationale Wissenschaftliche Konferenz: \u201eDeb\u00fcts von Mickiewicz. Deb\u00fcts der Romantiker.\u201c an der Universit\u00e4t Bia\u0142ystok"},"content":{"rendered":"<p><strong>Unter welchen Umst\u00e4nden entstand &#8222;Zima miejska&#8220; (\u201eDer Stadtwinter\u201d) \u2013 das erste Werk von Adam Mickiewicz, das 1818 in der Wochenzeitschrift \u201eTygodnik Wile\u0144ski\u201c ver\u00f6ffentlicht wurde? Wie sah der Anfang des k\u00fcnstlerischen Schaffens der Romantiker aus Polen, Europa oder Amerika aus? Das sind nur einzige Themen der Konferenz, die am 9. und 10. November 2018 in Bia\u0142ystok stattfindet \u2013 informiert Katarzyna Dziedzik, Pressesprecherin der Universit\u00e4t Bia\u0142ystok.<\/strong><\/p>\n<p>Die Konferenz findet zum 200. Jahrestag des dichterischen Deb\u00fcts von Adam Mickiewicz statt. Wie die Organisatoren ansagen, initiiert die Veranstaltung eine Reihe der nationalen Jahrestage zum Gedenken von Mickiewicz.<\/p>\n<p>Die Organisatoren der Veranstaltung sind: der Lehrstuhl f\u00fcr Philologische Forschung \u201eOsten-Westen\u201c (Fakult\u00e4t f\u00fcr Philologien der Universit\u00e4t Bia\u0142ystok), die Polnische Akademie der Wissenschaften und Ksi\u0105\u017cnica Podlaska.<\/p>\n","protected":false},"excerpt":{"rendered":"<p>Unter welchen Umst\u00e4nden entstand &#8222;Zima miejska&#8220; (\u201eDer Stadtwinter\u201d) \u2013 das erste Werk von Adam Mickiewicz, das 1818 in der Wochenzeitschrift \u201eTygodnik Wile\u0144ski\u201c ver\u00f6ffentlicht wurde? Wie sah der Anfang des k\u00fcnstlerischen Schaffens der Romantiker aus Polen, Europa oder Amerika aus? Das sind nur einzige Themen der Konferenz, die am 9. und 10. November 2018 in Bia\u0142ystok [&hellip;]<\/p>\n","protected":false},"author":12,"featured_media":0,"comment_status":"closed","ping_status":"closed","sticky":false,"template":"","format":"standard","meta":[],"categories":[61,59,65],"tags":[],"_links":{"self":[{"href":"https:\/\/www.polishscience.pl\/de\/wp-json\/wp\/v2\/posts\/46006"}],"collection":[{"href":"https:\/\/www.polishscience.pl\/de\/wp-json\/wp\/v2\/posts"}],"about":[{"href":"https:\/\/www.polishscience.pl\/de\/wp-json\/wp\/v2\/types\/post"}],"author":[{"embeddable":true,"href":"https:\/\/www.polishscience.pl\/de\/wp-json\/wp\/v2\/users\/12"}],"replies":[{"embeddable":true,"href":"https:\/\/www.polishscience.pl\/de\/wp-json\/wp\/v2\/comments?post=46006"}],"version-history":[{"count":0,"href":"https:\/\/www.polishscience.pl\/de\/wp-json\/wp\/v2\/posts\/46006\/revisions"}],"wp:attachment":[{"href":"https:\/\/www.polishscience.pl\/de\/wp-json\/wp\/v2\/media?parent=46006"}],"wp:term":[{"taxonomy":"category","embeddable":true,"href":"https:\/\/www.polishscience.pl\/de\/wp-json\/wp\/v2\/categories?post=46006"},{"taxonomy":"post_tag","embeddable":true,"href":"https:\/\/www.polishscience.pl\/de\/wp-json\/wp\/v2\/tags?post=46006"}],"curies":[{"name":"wp","href":"https:\/\/api.w.org\/{rel}","templated":true}]}}