{"id":45316,"date":"2018-11-05T12:00:08","date_gmt":"2018-11-05T11:00:08","guid":{"rendered":"http:\/\/polishscience.pl\/?p=45316"},"modified":"2018-11-05T12:22:20","modified_gmt":"2018-11-05T11:22:20","slug":"100-jahre-der-unabhaengigen-an-der-fakultaet-fuer-politikwissenschaften-der-maria-curie-sklodowska-universitaet-lublin","status":"publish","type":"post","link":"https:\/\/www.polishscience.pl\/de\/100-jahre-der-unabhaengigen-an-der-fakultaet-fuer-politikwissenschaften-der-maria-curie-sklodowska-universitaet-lublin\/","title":{"rendered":"\u201e100 Jahre der Unabh\u00e4ngigen\u201d an der Fakult\u00e4t f\u00fcr Politikwissenschaften der Maria-Curie-Sk\u0142odowska-Universit\u00e4t Lublin"},"content":{"rendered":"<p><b>Bis zum 9. November 2018 findet an der Fakult\u00e4t f\u00fcr Politikwissenschaften der Maria-Curie-Sk\u0142odowska-Universit\u00e4t (UMCS) Lublin eine ganze Reihe der Veranstaltungen statt, die anl\u00e4sslich des 100. Jahrestages der Wiedergewinnung der Unabh\u00e4ngigkeit von Polen organisiert wurden.<\/b><\/p>\n<p>Am 6. November findet das Seminar unter dem Titel: \u201eDie G\u00fcltigkeit vom Manifest der Interimsregierung der Republik Polen\u201c statt. Am 7. und 8. November wird eine Theaterauff\u00fchrung vorgestellt, die Beratungen der Interimsregierung in Lublin pr\u00e4sentiert. F\u00fcr den 8. November werden zwei wissenschaftliche Konferenzen geplant: \u201eVolksvision der Unabh\u00e4ngigen. Volksregierung in Lublin.\u201c und \u201eDie Gleichberechtigung der Frauen in Polen. Theorie vs. Praxis\u201c. Die Feierlichkeiten an der UMCS enden mit dem Finale der Gesamtpolnischen Erz\u00e4hlungsakademie \u201eUnbekannte Helden unserer Unabh\u00e4ngigkeit\u201c \u2013 informiert Katarzyna Ska\u0142ecka aus dem Presseb\u00fcro der UMCS.<\/p>\n","protected":false},"excerpt":{"rendered":"<p>Bis zum 9. November 2018 findet an der Fakult\u00e4t f\u00fcr Politikwissenschaften der Maria-Curie-Sk\u0142odowska-Universit\u00e4t (UMCS) Lublin eine ganze Reihe der Veranstaltungen statt, die anl\u00e4sslich des 100. Jahrestages der Wiedergewinnung der Unabh\u00e4ngigkeit von Polen organisiert wurden. Am 6. November findet das Seminar unter dem Titel: \u201eDie G\u00fcltigkeit vom Manifest der Interimsregierung der Republik Polen\u201c statt. Am 7. [&hellip;]<\/p>\n","protected":false},"author":6,"featured_media":0,"comment_status":"closed","ping_status":"closed","sticky":false,"template":"","format":"standard","meta":[],"categories":[59,65],"tags":[],"_links":{"self":[{"href":"https:\/\/www.polishscience.pl\/de\/wp-json\/wp\/v2\/posts\/45316"}],"collection":[{"href":"https:\/\/www.polishscience.pl\/de\/wp-json\/wp\/v2\/posts"}],"about":[{"href":"https:\/\/www.polishscience.pl\/de\/wp-json\/wp\/v2\/types\/post"}],"author":[{"embeddable":true,"href":"https:\/\/www.polishscience.pl\/de\/wp-json\/wp\/v2\/users\/6"}],"replies":[{"embeddable":true,"href":"https:\/\/www.polishscience.pl\/de\/wp-json\/wp\/v2\/comments?post=45316"}],"version-history":[{"count":0,"href":"https:\/\/www.polishscience.pl\/de\/wp-json\/wp\/v2\/posts\/45316\/revisions"}],"wp:attachment":[{"href":"https:\/\/www.polishscience.pl\/de\/wp-json\/wp\/v2\/media?parent=45316"}],"wp:term":[{"taxonomy":"category","embeddable":true,"href":"https:\/\/www.polishscience.pl\/de\/wp-json\/wp\/v2\/categories?post=45316"},{"taxonomy":"post_tag","embeddable":true,"href":"https:\/\/www.polishscience.pl\/de\/wp-json\/wp\/v2\/tags?post=45316"}],"curies":[{"name":"wp","href":"https:\/\/api.w.org\/{rel}","templated":true}]}}