{"id":45315,"date":"2018-11-05T15:18:07","date_gmt":"2018-11-05T14:18:07","guid":{"rendered":"http:\/\/polishscience.pl\/?p=45315"},"modified":"2018-11-05T12:21:50","modified_gmt":"2018-11-05T11:21:50","slug":"professor-krzysztof-wielecki-als-mitglied-der-paepstlichen-akademie-der-sozialwissenschaften","status":"publish","type":"post","link":"https:\/\/www.polishscience.pl\/de\/professor-krzysztof-wielecki-als-mitglied-der-paepstlichen-akademie-der-sozialwissenschaften\/","title":{"rendered":"Professor Krzysztof Wielecki als Mitglied der P\u00e4pstlichen Akademie der Sozialwissenschaften"},"content":{"rendered":"<p><b>Krzysztof Wielecki, Professor der Kardinal-Stefan-Wyszy\u0144ski-Universit\u00e4t (UKSW) Warschau und Direktor des Instituts f\u00fcr Soziologie UKSW, wurde vom Papst Franziskus zum Mitglied der P\u00e4pstlichen Akademie der Sozialwissenschaften ernannt.<\/b><\/p>\n<p>Wie die UKSW informiert, ist Prof. Wielecki der 26. Mitglied der Akademie, zu der auch \u00d6konomen, Soziologen, Psychologen, Politologen und Philosophen geh\u00f6ren. Das Ziel der Akademie ist F\u00f6rderung der Studien und des Fortschritts im Bereich Sozial-, Wirtschafts-, Politik- und Rechtswissenschaften in Bezug auf die Forschung und Entwicklung der katholischen Soziallehre.<\/p>\n<p>Die Akademie besteht aus nicht weniger als 20 und nicht mehr als 40 einfache Akademiker und Ehrenakademiker. Sie werden vom Papst zur Mitgliedschaft an der Akademie berufen.<\/p>\n","protected":false},"excerpt":{"rendered":"<p>Krzysztof Wielecki, Professor der Kardinal-Stefan-Wyszy\u0144ski-Universit\u00e4t (UKSW) Warschau und Direktor des Instituts f\u00fcr Soziologie UKSW, wurde vom Papst Franziskus zum Mitglied der P\u00e4pstlichen Akademie der Sozialwissenschaften ernannt. Wie die UKSW informiert, ist Prof. Wielecki der 26. Mitglied der Akademie, zu der auch \u00d6konomen, Soziologen, Psychologen, Politologen und Philosophen geh\u00f6ren. Das Ziel der Akademie ist F\u00f6rderung der [&hellip;]<\/p>\n","protected":false},"author":6,"featured_media":0,"comment_status":"closed","ping_status":"closed","sticky":false,"template":"","format":"standard","meta":[],"categories":[65],"tags":[],"_links":{"self":[{"href":"https:\/\/www.polishscience.pl\/de\/wp-json\/wp\/v2\/posts\/45315"}],"collection":[{"href":"https:\/\/www.polishscience.pl\/de\/wp-json\/wp\/v2\/posts"}],"about":[{"href":"https:\/\/www.polishscience.pl\/de\/wp-json\/wp\/v2\/types\/post"}],"author":[{"embeddable":true,"href":"https:\/\/www.polishscience.pl\/de\/wp-json\/wp\/v2\/users\/6"}],"replies":[{"embeddable":true,"href":"https:\/\/www.polishscience.pl\/de\/wp-json\/wp\/v2\/comments?post=45315"}],"version-history":[{"count":0,"href":"https:\/\/www.polishscience.pl\/de\/wp-json\/wp\/v2\/posts\/45315\/revisions"}],"wp:attachment":[{"href":"https:\/\/www.polishscience.pl\/de\/wp-json\/wp\/v2\/media?parent=45315"}],"wp:term":[{"taxonomy":"category","embeddable":true,"href":"https:\/\/www.polishscience.pl\/de\/wp-json\/wp\/v2\/categories?post=45315"},{"taxonomy":"post_tag","embeddable":true,"href":"https:\/\/www.polishscience.pl\/de\/wp-json\/wp\/v2\/tags?post=45315"}],"curies":[{"name":"wp","href":"https:\/\/api.w.org\/{rel}","templated":true}]}}