{"id":45005,"date":"2018-10-31T13:29:23","date_gmt":"2018-10-31T12:29:23","guid":{"rendered":"http:\/\/polishscience.pl\/?p=45005"},"modified":"2018-10-31T22:30:05","modified_gmt":"2018-10-31T21:30:05","slug":"gowin-sozial-und-geisteswissenschaften-als-antrieb-der-sozialen-und-wirtschaftlichen-entwicklung","status":"publish","type":"post","link":"https:\/\/www.polishscience.pl\/de\/gowin-sozial-und-geisteswissenschaften-als-antrieb-der-sozialen-und-wirtschaftlichen-entwicklung\/","title":{"rendered":"Gowin: Sozial- und Geisteswissenschaften als Antrieb der sozialen und wirtschaftlichen Entwicklung"},"content":{"rendered":"<p><strong>Die Sozial- und Geisteswissenschaften werden in den meisten entwickelten westlichen L\u00e4ndern als Antrieb der sozialen und wirtschaftlichen Entwicklung betrachtet \u2013 hat der stellvertretende Ministerpr\u00e4sident Jaros\u0142aw Gowin w\u00e4hrend der Konferenz im Rahmen des Projekts \u201eGeisteswissenschaften haben die Zukunft\u201c, das von der Ignatianum Akademie Krakau organisiert wird, festgestellt.<\/strong><\/p>\n<p>In seiner Rede hat der Minister f\u00fcr Wissenschaft und Hochschulbildung betont, dass es zahlreiche Beispiele von Gesch\u00e4ftsf\u00fchrern-Vision\u00e4ren der gro\u00dfen internationalen Firmen gibt, die Absolventen solcher Studieng\u00e4nge sind. Geisteswissenschaftler sind Autoren von Ideen, die in konkrete, die Welt ver\u00e4ndernde Produkte umgewandelt werden, Wegbereiter f\u00fcr g\u00fcnstige soziale Ver\u00e4nderungen, Denker, Erfinder und Sch\u00f6pfer. Wir m\u00f6chten, dass die Geisteswissenschaften \u00e4hnliche Rolle in unserem Land spielen \u2013 hat Jaros\u0142aw Gowin hinzugef\u00fcgt.<\/p>\n<p>W\u00e4hrend der Konferenz hat der stellvertretende Ministerpr\u00e4sident Jaros\u0142aw Gowin auch informiert, dass er im Rahmen der Wettbewerbe des Nationalen Programms f\u00fcr die Entwicklung von Geisteswissenschaften die Entscheidungen f\u00fcr weitere 35 Millionen PLN, die f\u00fcr die Forschung im Bereich der Geisteswissenschaften bestimmt werden, unterzeichnet hat.<\/p>\n","protected":false},"excerpt":{"rendered":"<p>Die Sozial- und Geisteswissenschaften werden in den meisten entwickelten westlichen L\u00e4ndern als Antrieb der sozialen und wirtschaftlichen Entwicklung betrachtet \u2013 hat der stellvertretende Ministerpr\u00e4sident Jaros\u0142aw Gowin w\u00e4hrend der Konferenz im Rahmen des Projekts \u201eGeisteswissenschaften haben die Zukunft\u201c, das von der Ignatianum Akademie Krakau organisiert wird, festgestellt. In seiner Rede hat der Minister f\u00fcr Wissenschaft und [&hellip;]<\/p>\n","protected":false},"author":9,"featured_media":0,"comment_status":"closed","ping_status":"closed","sticky":false,"template":"","format":"standard","meta":[],"categories":[61,64],"tags":[],"_links":{"self":[{"href":"https:\/\/www.polishscience.pl\/de\/wp-json\/wp\/v2\/posts\/45005"}],"collection":[{"href":"https:\/\/www.polishscience.pl\/de\/wp-json\/wp\/v2\/posts"}],"about":[{"href":"https:\/\/www.polishscience.pl\/de\/wp-json\/wp\/v2\/types\/post"}],"author":[{"embeddable":true,"href":"https:\/\/www.polishscience.pl\/de\/wp-json\/wp\/v2\/users\/9"}],"replies":[{"embeddable":true,"href":"https:\/\/www.polishscience.pl\/de\/wp-json\/wp\/v2\/comments?post=45005"}],"version-history":[{"count":0,"href":"https:\/\/www.polishscience.pl\/de\/wp-json\/wp\/v2\/posts\/45005\/revisions"}],"wp:attachment":[{"href":"https:\/\/www.polishscience.pl\/de\/wp-json\/wp\/v2\/media?parent=45005"}],"wp:term":[{"taxonomy":"category","embeddable":true,"href":"https:\/\/www.polishscience.pl\/de\/wp-json\/wp\/v2\/categories?post=45005"},{"taxonomy":"post_tag","embeddable":true,"href":"https:\/\/www.polishscience.pl\/de\/wp-json\/wp\/v2\/tags?post=45005"}],"curies":[{"name":"wp","href":"https:\/\/api.w.org\/{rel}","templated":true}]}}