{"id":43744,"date":"2018-10-24T16:45:54","date_gmt":"2018-10-24T14:45:54","guid":{"rendered":"http:\/\/polishscience.pl\/?p=43744"},"modified":"2018-10-24T16:26:53","modified_gmt":"2018-10-24T14:26:53","slug":"quo-vadis-kulturtourismus-konferenz-an-der-akademie-fuer-koerperkultur-posen","status":"publish","type":"post","link":"https:\/\/www.polishscience.pl\/de\/quo-vadis-kulturtourismus-konferenz-an-der-akademie-fuer-koerperkultur-posen\/","title":{"rendered":"Quo Vadis Kulturtourismus? \u2013 Konferenz an der Akademie f\u00fcr K\u00f6rperkultur Posen"},"content":{"rendered":"<p><strong>Forscher, Didaktiker und Praktiker aus Brasilien, Ungarn, Uganda, Portugal, Australien, Kanada, Kosovo und Polen werden die Problematik des Kulturtourismus w\u00e4hrend der Konferenz \u201eKulturtourismus \u2013 Theorie und Praxis. Forschungsstand, praktische Anwendung und Entwicklungsperspektiven\u201c an der Akademie f\u00fcr K\u00f6rperkultur Posen besprechen.<\/strong><\/p>\n<p>Das Ziel der Konferenz ist die Beurteilung der Welt eines Kulturtouristen, sowohl in der Perspektive der Sozialwissenschaften (gesellschaftliche Kommunikation, Soziologie, Managementwissenschaften) als auch der Geisteswissenschaften (Kulturanthropologie, Philosophie, Geschichte und Kulturwissenschaft). Unter den Referenten, die ihre Vortr\u00e4ge am 25. und 26. Oktober an der Posener Universit\u00e4t halten werden, sind weltber\u00fchmte Wissenschaftler.<\/p>\n<p>Im Programm der Veranstaltung sind Plenarvortr\u00e4ge, Diskussionen, Vortr\u00e4ge in Sektionen und Workshops sowie Begleitprogramm \u2013 Besichtigung von Posen durch ausl\u00e4ndische G\u00e4ste und Studienreise auf die Piasten-Route.<\/p>\n<p>Mehr: <u><a href=\"http:\/\/www.awf.poznan.pl\/pl\/lista-aktualnosci\/newsy-2018\/3810-quo-vadis-turystyko-kulturowa\">http:\/\/www.awf.poznan.pl\/pl\/lista-aktualnosci\/newsy-2018\/3810-quo-vadis-turystyko-kulturowa<\/a><\/u><\/p>\n","protected":false},"excerpt":{"rendered":"<p>Forscher, Didaktiker und Praktiker aus Brasilien, Ungarn, Uganda, Portugal, Australien, Kanada, Kosovo und Polen werden die Problematik des Kulturtourismus w\u00e4hrend der Konferenz \u201eKulturtourismus \u2013 Theorie und Praxis. Forschungsstand, praktische Anwendung und Entwicklungsperspektiven\u201c an der Akademie f\u00fcr K\u00f6rperkultur Posen besprechen. Das Ziel der Konferenz ist die Beurteilung der Welt eines Kulturtouristen, sowohl in der Perspektive der [&hellip;]<\/p>\n","protected":false},"author":9,"featured_media":0,"comment_status":"closed","ping_status":"closed","sticky":false,"template":"","format":"standard","meta":[],"categories":[61,65],"tags":[],"_links":{"self":[{"href":"https:\/\/www.polishscience.pl\/de\/wp-json\/wp\/v2\/posts\/43744"}],"collection":[{"href":"https:\/\/www.polishscience.pl\/de\/wp-json\/wp\/v2\/posts"}],"about":[{"href":"https:\/\/www.polishscience.pl\/de\/wp-json\/wp\/v2\/types\/post"}],"author":[{"embeddable":true,"href":"https:\/\/www.polishscience.pl\/de\/wp-json\/wp\/v2\/users\/9"}],"replies":[{"embeddable":true,"href":"https:\/\/www.polishscience.pl\/de\/wp-json\/wp\/v2\/comments?post=43744"}],"version-history":[{"count":0,"href":"https:\/\/www.polishscience.pl\/de\/wp-json\/wp\/v2\/posts\/43744\/revisions"}],"wp:attachment":[{"href":"https:\/\/www.polishscience.pl\/de\/wp-json\/wp\/v2\/media?parent=43744"}],"wp:term":[{"taxonomy":"category","embeddable":true,"href":"https:\/\/www.polishscience.pl\/de\/wp-json\/wp\/v2\/categories?post=43744"},{"taxonomy":"post_tag","embeddable":true,"href":"https:\/\/www.polishscience.pl\/de\/wp-json\/wp\/v2\/tags?post=43744"}],"curies":[{"name":"wp","href":"https:\/\/api.w.org\/{rel}","templated":true}]}}