{"id":43741,"date":"2018-10-24T17:00:52","date_gmt":"2018-10-24T15:00:52","guid":{"rendered":"http:\/\/polishscience.pl\/?p=43741"},"modified":"2018-10-24T16:26:46","modified_gmt":"2018-10-24T14:26:46","slug":"in-danzig-und-gdynia-ueber-medienpaedagogik-in-der-welt-des-digitalen-konsumismus","status":"publish","type":"post","link":"https:\/\/www.polishscience.pl\/de\/in-danzig-und-gdynia-ueber-medienpaedagogik-in-der-welt-des-digitalen-konsumismus\/","title":{"rendered":"In Danzig und Gdynia \u00fcber Medienp\u00e4dagogik in der Welt des digitalen Konsumismus"},"content":{"rendered":"<p><strong>Die Polnische Gesellschaft f\u00fcr Medienp\u00e4dagogik, die Fakult\u00e4t f\u00fcr Sozialwissenschaften der Universit\u00e4t Danzig sowie das Europ\u00e4ische Solidarit\u00e4tszentrum und Wissenschaftszentrum \u201eExperyment\u201c laden zum 3. Kongress \u00fcber Medienp\u00e4dagogik, der in Danzig und Gdynia am 25. und 26. Oktober stattfinden wird, ein \u2013 informiert die Pressesprecherin der Universit\u00e4t Danzig, Dr. Beata Czechowska-Derkacz.<\/strong><\/p>\n<p>Der Kongress findet unter dem Motto \u201eMedienp\u00e4dagogik in der Welt des digitalen Konsumismus. Neue Technologien vs. solidarische und pluralistische Gesellschaft?\u201c statt. Eine der wichtigen Aufgaben, die momentan vor der Medienp\u00e4dagogik stehen, ist die Bewusstmachung des Paradoxes von neuen Technologien, die einerseits der Demokratisierung und Pluralisierung dienen, aber andererseits, dank fortgeschrittenen Computertechniken, zum Werkzeug der \u00dcberwachung und Manipulation werden.<\/p>\n<p>Der Partner des Kongresses ist die Konrad-Adenauer-Stiftung in Polen. Die Ehrenschirmherrschaft \u00fcber die Veranstaltung hat das B\u00fcro von Lech Wa\u0142\u0119sa sowie Polnisches UNESCO-Komitee \u00fcbernommen.<\/p>\n<p>Mehr: <a href=\"http:\/\/kongres2018.ptem.org.pl\/\">http:\/\/kongres2018.ptem.org.pl\/<\/a><\/p>\n","protected":false},"excerpt":{"rendered":"<p>Die Polnische Gesellschaft f\u00fcr Medienp\u00e4dagogik, die Fakult\u00e4t f\u00fcr Sozialwissenschaften der Universit\u00e4t Danzig sowie das Europ\u00e4ische Solidarit\u00e4tszentrum und Wissenschaftszentrum \u201eExperyment\u201c laden zum 3. Kongress \u00fcber Medienp\u00e4dagogik, der in Danzig und Gdynia am 25. und 26. Oktober stattfinden wird, ein \u2013 informiert die Pressesprecherin der Universit\u00e4t Danzig, Dr. Beata Czechowska-Derkacz. Der Kongress findet unter dem Motto \u201eMedienp\u00e4dagogik [&hellip;]<\/p>\n","protected":false},"author":9,"featured_media":0,"comment_status":"closed","ping_status":"closed","sticky":false,"template":"","format":"standard","meta":[],"categories":[65],"tags":[],"_links":{"self":[{"href":"https:\/\/www.polishscience.pl\/de\/wp-json\/wp\/v2\/posts\/43741"}],"collection":[{"href":"https:\/\/www.polishscience.pl\/de\/wp-json\/wp\/v2\/posts"}],"about":[{"href":"https:\/\/www.polishscience.pl\/de\/wp-json\/wp\/v2\/types\/post"}],"author":[{"embeddable":true,"href":"https:\/\/www.polishscience.pl\/de\/wp-json\/wp\/v2\/users\/9"}],"replies":[{"embeddable":true,"href":"https:\/\/www.polishscience.pl\/de\/wp-json\/wp\/v2\/comments?post=43741"}],"version-history":[{"count":0,"href":"https:\/\/www.polishscience.pl\/de\/wp-json\/wp\/v2\/posts\/43741\/revisions"}],"wp:attachment":[{"href":"https:\/\/www.polishscience.pl\/de\/wp-json\/wp\/v2\/media?parent=43741"}],"wp:term":[{"taxonomy":"category","embeddable":true,"href":"https:\/\/www.polishscience.pl\/de\/wp-json\/wp\/v2\/categories?post=43741"},{"taxonomy":"post_tag","embeddable":true,"href":"https:\/\/www.polishscience.pl\/de\/wp-json\/wp\/v2\/tags?post=43741"}],"curies":[{"name":"wp","href":"https:\/\/api.w.org\/{rel}","templated":true}]}}