{"id":43734,"date":"2018-10-24T14:25:49","date_gmt":"2018-10-24T12:25:49","guid":{"rendered":"http:\/\/polishscience.pl\/?p=43734"},"modified":"2018-10-24T16:26:19","modified_gmt":"2018-10-24T14:26:19","slug":"wie-wird-die-zukunft-der-geisteswissenschaften-sein-konferenz-an-der-ignatianum-akademie","status":"publish","type":"post","link":"https:\/\/www.polishscience.pl\/de\/wie-wird-die-zukunft-der-geisteswissenschaften-sein-konferenz-an-der-ignatianum-akademie\/","title":{"rendered":"Wie wird die Zukunft der Geisteswissenschaften sein? Konferenz an der Ignatianum Akademie"},"content":{"rendered":"<p><strong>Die Ignatianum Akademie Krakau l\u00e4dt am 29. Oktober zu der wissenschaftlichen Konferenz mit dem Titel \u201eWie wird die Zukunft der Geisteswissenschaften sein?\u201c ein. An der Konferenz wird Jaros\u0142aw Gowin, stellvertretender Ministerpr\u00e4sident, Minister f\u00fcr Wissenschaft und Hochschulbildung teilnehmen. <\/strong><\/p>\n<p>Die Veranstaltung wird mit einem Einf\u00fchrungsreferat vom Minister Gowin beginnen. Der Vortrag wird die Verfassung f\u00fcr Wissenschaft in Hinblick auf die Chancen und Herausforderungen f\u00fcr Sozial- und Geisteswissenschaften betreffen.<\/p>\n<p>Die Konferenz in Krakau ist ein Teil des Projekts \u201eGeisteswissenschaften haben Zukunft\u201c, das von der Ignatianum Akademie im Rahmen des Projekts \u201eDialog\u201c durchgef\u00fchrt wird. Das Ziel des Projekts ist die Verbesserung des Images der Sozial- und Geisteswissenschaften, die Hervorhebung der gesellschaftlichen und wirtschaftlichen Bedeutung der Geisteswissenschaften, das Zeigen dieser als einer attraktiven Laufbahn sowie die Verbreitung der Leistungen im Bereich der Geisteswissenschaften.<\/p>\n","protected":false},"excerpt":{"rendered":"<p>Die Ignatianum Akademie Krakau l\u00e4dt am 29. Oktober zu der wissenschaftlichen Konferenz mit dem Titel \u201eWie wird die Zukunft der Geisteswissenschaften sein?\u201c ein. An der Konferenz wird Jaros\u0142aw Gowin, stellvertretender Ministerpr\u00e4sident, Minister f\u00fcr Wissenschaft und Hochschulbildung teilnehmen. Die Veranstaltung wird mit einem Einf\u00fchrungsreferat vom Minister Gowin beginnen. Der Vortrag wird die Verfassung f\u00fcr Wissenschaft in [&hellip;]<\/p>\n","protected":false},"author":9,"featured_media":0,"comment_status":"closed","ping_status":"closed","sticky":false,"template":"","format":"standard","meta":[],"categories":[61,65],"tags":[],"_links":{"self":[{"href":"https:\/\/www.polishscience.pl\/de\/wp-json\/wp\/v2\/posts\/43734"}],"collection":[{"href":"https:\/\/www.polishscience.pl\/de\/wp-json\/wp\/v2\/posts"}],"about":[{"href":"https:\/\/www.polishscience.pl\/de\/wp-json\/wp\/v2\/types\/post"}],"author":[{"embeddable":true,"href":"https:\/\/www.polishscience.pl\/de\/wp-json\/wp\/v2\/users\/9"}],"replies":[{"embeddable":true,"href":"https:\/\/www.polishscience.pl\/de\/wp-json\/wp\/v2\/comments?post=43734"}],"version-history":[{"count":0,"href":"https:\/\/www.polishscience.pl\/de\/wp-json\/wp\/v2\/posts\/43734\/revisions"}],"wp:attachment":[{"href":"https:\/\/www.polishscience.pl\/de\/wp-json\/wp\/v2\/media?parent=43734"}],"wp:term":[{"taxonomy":"category","embeddable":true,"href":"https:\/\/www.polishscience.pl\/de\/wp-json\/wp\/v2\/categories?post=43734"},{"taxonomy":"post_tag","embeddable":true,"href":"https:\/\/www.polishscience.pl\/de\/wp-json\/wp\/v2\/tags?post=43734"}],"curies":[{"name":"wp","href":"https:\/\/api.w.org\/{rel}","templated":true}]}}