{"id":43728,"date":"2018-10-24T16:26:04","date_gmt":"2018-10-24T14:26:04","guid":{"rendered":"http:\/\/polishscience.pl\/?p=43728"},"modified":"2018-10-24T16:26:04","modified_gmt":"2018-10-24T14:26:04","slug":"universitaet-fuer-technik-und-geisteswissenschaften-radom-wird-medizinisches-personal-fuer-die-armee-ausbilden","status":"publish","type":"post","link":"https:\/\/www.polishscience.pl\/de\/universitaet-fuer-technik-und-geisteswissenschaften-radom-wird-medizinisches-personal-fuer-die-armee-ausbilden\/","title":{"rendered":"Universit\u00e4t f\u00fcr Technik und Geisteswissenschaften Radom wird medizinisches Personal f\u00fcr die Armee ausbilden"},"content":{"rendered":"<p><strong>Der Verteidigungsminister Mariusz B\u0142aszczak und Prof. Dr. habil. Ing. Zbigniew \u0141ukasik, Rektor der Universit\u00e4t f\u00fcr Technik und Geisteswissenschaften Radom haben eine Absichtserkl\u00e4rung \u00fcber die Ausbildung des medizinischen Personals f\u00fcr das milit\u00e4rische Gesundheitswesen, die an der Fakult\u00e4t f\u00fcr Gesundheitswissenschaften und K\u00f6rperkultur der Universit\u00e4t in Radom durchgef\u00fchrt werden soll, unterzeichnet.<\/strong><\/p>\n<p>Ich freue mich, dass an der Universit\u00e4t f\u00fcr Technik und Geisteswissenschaften \u00c4rzte, Krankenschwester und Notfallsanit\u00e4ter ausgebildet werden, die sp\u00e4ter um Gesundheit und Leben der polnischen Armee aber auch der Zivilisten sich k\u00fcmmern werden. Ich bin davon \u00fcberzeugt, dass die Universit\u00e4t der entsprechende Ort ist, an dem man die Aufgaben der Verteidigungsf\u00e4higkeit unserer Heimat erf\u00fcllen kann \u2013 hat Minister B\u0142aszczak w\u00e4hrend der Feier festgestellt.<\/p>\n<p>Prof. Dr. habil. Ing. Zbigniew \u0141ukasik hat dagegen bemerkt, dass die Universit\u00e4t in Radom mit dem Verteidigungsministerium schon im industriellen Bereich zusammenarbeitet und nun auch die Kooperation im medizinischen Bereich aufnehmen wird.<\/p>\n","protected":false},"excerpt":{"rendered":"<p>Der Verteidigungsminister Mariusz B\u0142aszczak und Prof. Dr. habil. Ing. Zbigniew \u0141ukasik, Rektor der Universit\u00e4t f\u00fcr Technik und Geisteswissenschaften Radom haben eine Absichtserkl\u00e4rung \u00fcber die Ausbildung des medizinischen Personals f\u00fcr das milit\u00e4rische Gesundheitswesen, die an der Fakult\u00e4t f\u00fcr Gesundheitswissenschaften und K\u00f6rperkultur der Universit\u00e4t in Radom durchgef\u00fchrt werden soll, unterzeichnet. Ich freue mich, dass an der Universit\u00e4t [&hellip;]<\/p>\n","protected":false},"author":9,"featured_media":0,"comment_status":"closed","ping_status":"closed","sticky":false,"template":"","format":"standard","meta":[],"categories":[59,63],"tags":[],"_links":{"self":[{"href":"https:\/\/www.polishscience.pl\/de\/wp-json\/wp\/v2\/posts\/43728"}],"collection":[{"href":"https:\/\/www.polishscience.pl\/de\/wp-json\/wp\/v2\/posts"}],"about":[{"href":"https:\/\/www.polishscience.pl\/de\/wp-json\/wp\/v2\/types\/post"}],"author":[{"embeddable":true,"href":"https:\/\/www.polishscience.pl\/de\/wp-json\/wp\/v2\/users\/9"}],"replies":[{"embeddable":true,"href":"https:\/\/www.polishscience.pl\/de\/wp-json\/wp\/v2\/comments?post=43728"}],"version-history":[{"count":0,"href":"https:\/\/www.polishscience.pl\/de\/wp-json\/wp\/v2\/posts\/43728\/revisions"}],"wp:attachment":[{"href":"https:\/\/www.polishscience.pl\/de\/wp-json\/wp\/v2\/media?parent=43728"}],"wp:term":[{"taxonomy":"category","embeddable":true,"href":"https:\/\/www.polishscience.pl\/de\/wp-json\/wp\/v2\/categories?post=43728"},{"taxonomy":"post_tag","embeddable":true,"href":"https:\/\/www.polishscience.pl\/de\/wp-json\/wp\/v2\/tags?post=43728"}],"curies":[{"name":"wp","href":"https:\/\/api.w.org\/{rel}","templated":true}]}}