{"id":43332,"date":"2018-10-22T17:07:48","date_gmt":"2018-10-22T15:07:48","guid":{"rendered":"http:\/\/polishscience.pl\/?p=43332"},"modified":"2018-10-22T16:38:15","modified_gmt":"2018-10-22T14:38:15","slug":"sitzung-der-konferenz-der-rektoren-der-polnischen-universitaeten-zum-thema-der-verfassung-fuer-wissenschaft","status":"publish","type":"post","link":"https:\/\/www.polishscience.pl\/de\/sitzung-der-konferenz-der-rektoren-der-polnischen-universitaeten-zum-thema-der-verfassung-fuer-wissenschaft\/","title":{"rendered":"Sitzung der Konferenz der Rektoren der Polnischen Universit\u00e4ten zum Thema der Verfassung f\u00fcr Wissenschaft"},"content":{"rendered":"<p><strong>An der Katholischen Universit\u00e4t Lublin findet am 22. Oktober 2018 die Sitzung der Konferenz der Rektoren der Polnischen Universit\u00e4ten statt. <\/strong><\/p>\n<p>An der Sitzung nehmen 20 Rektoren und Prorektoren, die alle polnischen Universit\u00e4ten vertreten, sowie Vertreter des Ministeriums f\u00fcr Wissenschaft und Hochschulbildung, des Nationalen Wissenschaftszentrums und der Doktoranden teil.<\/p>\n<p>Die im Rahmen der Konferenz der Rektoren der Polnischen Universit\u00e4ten vereinigten Rektoren diskutieren an der Katholischen Universit\u00e4t Lublin \u00fcber finanzielle und praktische Aspekte der Einf\u00fchrung des neuen Gesetzes \u00fcber Hochschulbildung und Wissenschaft.<\/p>\n<p>Die Konferenz der Rektoren der Polnischen Universit\u00e4ten wurde von Hochschulrektoren 1989 gegr\u00fcndet. Sie erstellt Stellungnahmen in Angelegenheiten, die f\u00fcr die Entwicklung der polnischen Wissenschaft, Hochschulbildung, Kultur und Bildung von besonderer Bedeutung sind. Dabei arbeitet sie mit der Konferenz der Rektoren der Akademischen Schulen in Polen.<\/p>\n","protected":false},"excerpt":{"rendered":"<p>An der Katholischen Universit\u00e4t Lublin findet am 22. Oktober 2018 die Sitzung der Konferenz der Rektoren der Polnischen Universit\u00e4ten statt. An der Sitzung nehmen 20 Rektoren und Prorektoren, die alle polnischen Universit\u00e4ten vertreten, sowie Vertreter des Ministeriums f\u00fcr Wissenschaft und Hochschulbildung, des Nationalen Wissenschaftszentrums und der Doktoranden teil. Die im Rahmen der Konferenz der Rektoren [&hellip;]<\/p>\n","protected":false},"author":9,"featured_media":0,"comment_status":"closed","ping_status":"closed","sticky":false,"template":"","format":"standard","meta":[],"categories":[59,65],"tags":[],"_links":{"self":[{"href":"https:\/\/www.polishscience.pl\/de\/wp-json\/wp\/v2\/posts\/43332"}],"collection":[{"href":"https:\/\/www.polishscience.pl\/de\/wp-json\/wp\/v2\/posts"}],"about":[{"href":"https:\/\/www.polishscience.pl\/de\/wp-json\/wp\/v2\/types\/post"}],"author":[{"embeddable":true,"href":"https:\/\/www.polishscience.pl\/de\/wp-json\/wp\/v2\/users\/9"}],"replies":[{"embeddable":true,"href":"https:\/\/www.polishscience.pl\/de\/wp-json\/wp\/v2\/comments?post=43332"}],"version-history":[{"count":0,"href":"https:\/\/www.polishscience.pl\/de\/wp-json\/wp\/v2\/posts\/43332\/revisions"}],"wp:attachment":[{"href":"https:\/\/www.polishscience.pl\/de\/wp-json\/wp\/v2\/media?parent=43332"}],"wp:term":[{"taxonomy":"category","embeddable":true,"href":"https:\/\/www.polishscience.pl\/de\/wp-json\/wp\/v2\/categories?post=43332"},{"taxonomy":"post_tag","embeddable":true,"href":"https:\/\/www.polishscience.pl\/de\/wp-json\/wp\/v2\/tags?post=43332"}],"curies":[{"name":"wp","href":"https:\/\/api.w.org\/{rel}","templated":true}]}}