{"id":43049,"date":"2018-10-19T16:43:54","date_gmt":"2018-10-19T14:43:54","guid":{"rendered":"http:\/\/polishscience.pl\/?p=43049"},"modified":"2018-10-19T16:43:54","modified_gmt":"2018-10-19T14:43:54","slug":"universitaet-lodz-laedt-zur-konferenz-senior-das-klingt-wuerdevoll-ein","status":"publish","type":"post","link":"https:\/\/www.polishscience.pl\/de\/universitaet-lodz-laedt-zur-konferenz-senior-das-klingt-wuerdevoll-ein\/","title":{"rendered":"Universit\u00e4t \u0141\u00f3d\u017a l\u00e4dt zur Konferenz \u201eSenior, das klingt w\u00fcrdevoll\u201c ein"},"content":{"rendered":"<p><strong>Die Fakult\u00e4t f\u00fcr Philologie und die Fakult\u00e4t f\u00fcr Wirtschafts- und Sozialwissenschaften der Universit\u00e4t \u0141\u00f3d\u017a organisieren gemeinsam mit der Stiftung Activus am 25. Oktober wissenschaftliche Konferenz mit dem Titel \u201eSenior, das klingt w\u00fcrdevoll\u201c.<\/strong><\/p>\n<p>W\u00e4hrend der Veranstaltung sind mehrere Vortr\u00e4ge und Pr\u00e4sentationen im Rahmen von zwei Modulen: \u201eWann beginnt das Alter?\u201c und \u201eProjekt Senior in Gefahr \u2013 Pr\u00e4sentation der Ergebnisse des Projekts und des Engagements der Universit\u00e4t \u0141\u00f3d\u017a in die Seniorenprobleme in der Region \u0141\u00f3d\u017a\u201c vorgesehen.<\/p>\n<p>Die Konferenzteilnehmer werden nach der Antwort auf die Frage suchen, wie man mit den Problemen der \u00e4lteren Menschen angesichts der Herausforderungen, die vor der Gesellschaft in naher Zukunft in Zusammenhang mit den demographischen Prognosen hinsichtlich der gesellschaftlichen Struktur d.h. dem dynamischen Wachstum des Anteils \u00e4lterer Menschen in der Gesellschaft stehen, zurecht kommen soll.<\/p>\n","protected":false},"excerpt":{"rendered":"<p>Die Fakult\u00e4t f\u00fcr Philologie und die Fakult\u00e4t f\u00fcr Wirtschafts- und Sozialwissenschaften der Universit\u00e4t \u0141\u00f3d\u017a organisieren gemeinsam mit der Stiftung Activus am 25. Oktober wissenschaftliche Konferenz mit dem Titel \u201eSenior, das klingt w\u00fcrdevoll\u201c. W\u00e4hrend der Veranstaltung sind mehrere Vortr\u00e4ge und Pr\u00e4sentationen im Rahmen von zwei Modulen: \u201eWann beginnt das Alter?\u201c und \u201eProjekt Senior in Gefahr \u2013 [&hellip;]<\/p>\n","protected":false},"author":9,"featured_media":0,"comment_status":"closed","ping_status":"closed","sticky":false,"template":"","format":"standard","meta":[],"categories":[59,65],"tags":[],"_links":{"self":[{"href":"https:\/\/www.polishscience.pl\/de\/wp-json\/wp\/v2\/posts\/43049"}],"collection":[{"href":"https:\/\/www.polishscience.pl\/de\/wp-json\/wp\/v2\/posts"}],"about":[{"href":"https:\/\/www.polishscience.pl\/de\/wp-json\/wp\/v2\/types\/post"}],"author":[{"embeddable":true,"href":"https:\/\/www.polishscience.pl\/de\/wp-json\/wp\/v2\/users\/9"}],"replies":[{"embeddable":true,"href":"https:\/\/www.polishscience.pl\/de\/wp-json\/wp\/v2\/comments?post=43049"}],"version-history":[{"count":0,"href":"https:\/\/www.polishscience.pl\/de\/wp-json\/wp\/v2\/posts\/43049\/revisions"}],"wp:attachment":[{"href":"https:\/\/www.polishscience.pl\/de\/wp-json\/wp\/v2\/media?parent=43049"}],"wp:term":[{"taxonomy":"category","embeddable":true,"href":"https:\/\/www.polishscience.pl\/de\/wp-json\/wp\/v2\/categories?post=43049"},{"taxonomy":"post_tag","embeddable":true,"href":"https:\/\/www.polishscience.pl\/de\/wp-json\/wp\/v2\/tags?post=43049"}],"curies":[{"name":"wp","href":"https:\/\/api.w.org\/{rel}","templated":true}]}}