{"id":42608,"date":"2018-10-17T17:12:47","date_gmt":"2018-10-17T15:12:47","guid":{"rendered":"http:\/\/polishscience.pl\/?p=42608"},"modified":"2018-10-17T15:43:26","modified_gmt":"2018-10-17T13:43:26","slug":"seminar-anlaesslich-des-welttages-des-stotterns","status":"publish","type":"post","link":"https:\/\/www.polishscience.pl\/de\/seminar-anlaesslich-des-welttages-des-stotterns\/","title":{"rendered":"Seminar anl\u00e4sslich des Welttages des Stotterns"},"content":{"rendered":"<p><strong>Das Zentrum f\u00fcr Wissenschaftliche Information und die Universit\u00e4tsbibliothek der Schlesischen Universit\u00e4t laden am 20. Oktober zum Seminar anl\u00e4sslich des Welttages des Stotterns<\/strong><strong> (<\/strong><strong>International Stuttering Awareness Day \u2013 ISAD 2018) ein. Das Thema des diesj\u00e4hrigen Seminars lautet <\/strong><strong>\u201eSpeak your mind \u2013 Sag, was du meinst!\u201d.<\/strong><\/p>\n<p>Im Programm der Veranstaltung sind Vortr\u00e4ge der Spezialisten f\u00fcr Kommunikations- und Sprachproduktionsst\u00f6rungen sowie eine Podiumsdiskussion, an der Expertinnen teilnehmen werden, die sich mit der fachlichen Unterst\u00fctzung (im Rahmen der logop\u00e4dischen oder psychologischen Therapien sowie der Selbsthilfegruppen) besch\u00e4ftigen und gelichzeitig selbst Probleme mit Stottern haben, geplant.<\/p>\n<p>Das Seminar ist an stotternde Personen, ihre Familien, Lehrer, Eltern, Logop\u00e4den und Studenten gerichtet. Die Teilnahme ist kostenlos, aber wegen der vorgesehenen namentlichen Bescheinigungen ist die elektronische Anmeldung erforderlich (E-Mail-Adresse: <u><a href=\"mailto:kasia.romaniuk@interia.pl\">kasia.romaniuk@interia.pl<\/a><\/u>).<\/p>\n","protected":false},"excerpt":{"rendered":"<p>Das Zentrum f\u00fcr Wissenschaftliche Information und die Universit\u00e4tsbibliothek der Schlesischen Universit\u00e4t laden am 20. Oktober zum Seminar anl\u00e4sslich des Welttages des Stotterns (International Stuttering Awareness Day \u2013 ISAD 2018) ein. Das Thema des diesj\u00e4hrigen Seminars lautet \u201eSpeak your mind \u2013 Sag, was du meinst!\u201d. Im Programm der Veranstaltung sind Vortr\u00e4ge der Spezialisten f\u00fcr Kommunikations- und [&hellip;]<\/p>\n","protected":false},"author":9,"featured_media":0,"comment_status":"closed","ping_status":"closed","sticky":false,"template":"","format":"standard","meta":[],"categories":[65],"tags":[],"_links":{"self":[{"href":"https:\/\/www.polishscience.pl\/de\/wp-json\/wp\/v2\/posts\/42608"}],"collection":[{"href":"https:\/\/www.polishscience.pl\/de\/wp-json\/wp\/v2\/posts"}],"about":[{"href":"https:\/\/www.polishscience.pl\/de\/wp-json\/wp\/v2\/types\/post"}],"author":[{"embeddable":true,"href":"https:\/\/www.polishscience.pl\/de\/wp-json\/wp\/v2\/users\/9"}],"replies":[{"embeddable":true,"href":"https:\/\/www.polishscience.pl\/de\/wp-json\/wp\/v2\/comments?post=42608"}],"version-history":[{"count":0,"href":"https:\/\/www.polishscience.pl\/de\/wp-json\/wp\/v2\/posts\/42608\/revisions"}],"wp:attachment":[{"href":"https:\/\/www.polishscience.pl\/de\/wp-json\/wp\/v2\/media?parent=42608"}],"wp:term":[{"taxonomy":"category","embeddable":true,"href":"https:\/\/www.polishscience.pl\/de\/wp-json\/wp\/v2\/categories?post=42608"},{"taxonomy":"post_tag","embeddable":true,"href":"https:\/\/www.polishscience.pl\/de\/wp-json\/wp\/v2\/tags?post=42608"}],"curies":[{"name":"wp","href":"https:\/\/api.w.org\/{rel}","templated":true}]}}