{"id":42598,"date":"2018-10-17T11:52:40","date_gmt":"2018-10-17T09:52:40","guid":{"rendered":"http:\/\/polishscience.pl\/?p=42598"},"modified":"2018-10-17T15:43:04","modified_gmt":"2018-10-17T13:43:04","slug":"besuch-des-stellvertretenden-ministerpraesidenten-gowin-an-der-staatlichen-fachhochschule-chelm","status":"publish","type":"post","link":"https:\/\/www.polishscience.pl\/de\/besuch-des-stellvertretenden-ministerpraesidenten-gowin-an-der-staatlichen-fachhochschule-chelm\/","title":{"rendered":"Besuch des stellvertretenden Ministerpr\u00e4sidenten Gowin an der Staatlichen Fachhochschule Che\u0142m"},"content":{"rendered":"<p><strong>Der stellvertretende Ministerpr\u00e4sident, Minister f\u00fcr Wissenschaft und Hochschulbildung Jaros\u0142aw Gowin besuchte die Staatliche Fachhochschule Che\u0142m. Im Zentrum f\u00fcr Ingenieurstudien der Hochschule traf er sich mit Teilnehmern des Polnisch-Amerikanischen Kongresses, der in Lublin vom 11. bis zum 14. Oktober stattfand. <\/strong><\/p>\n<p>Wie Katarzyna Zawada \u2013 Pressesprecherin des Ministeriums f\u00fcr Wissenschaft informiert \u2013 hat Minister Gowin auch mit dem Senator und den Kongressabgeordneten aus dem Bundestaat Wisconsin gesprochen. Die Gespr\u00e4che betrafen polnisch-amerikanische Zusammenarbeit im wirtschaftlichen und wissenschaftlichen Bereich.<\/p>\n<p>Die Fachhochschule Che\u0142m informiert dagegen, dass w\u00e4hrend des Besuchs im Zentrum f\u00fcr Ingenieurstudien der Staatlichen Fachhochschule Che\u0142m die G\u00e4ste innovativ ausgestattete Laboren besichtigen und wissenschaftliche Zusammenarbeit besprechen konnten.<\/p>\n","protected":false},"excerpt":{"rendered":"<p>Der stellvertretende Ministerpr\u00e4sident, Minister f\u00fcr Wissenschaft und Hochschulbildung Jaros\u0142aw Gowin besuchte die Staatliche Fachhochschule Che\u0142m. Im Zentrum f\u00fcr Ingenieurstudien der Hochschule traf er sich mit Teilnehmern des Polnisch-Amerikanischen Kongresses, der in Lublin vom 11. bis zum 14. Oktober stattfand. Wie Katarzyna Zawada \u2013 Pressesprecherin des Ministeriums f\u00fcr Wissenschaft informiert \u2013 hat Minister Gowin auch mit [&hellip;]<\/p>\n","protected":false},"author":9,"featured_media":0,"comment_status":"closed","ping_status":"closed","sticky":false,"template":"","format":"standard","meta":[],"categories":[59,65],"tags":[],"_links":{"self":[{"href":"https:\/\/www.polishscience.pl\/de\/wp-json\/wp\/v2\/posts\/42598"}],"collection":[{"href":"https:\/\/www.polishscience.pl\/de\/wp-json\/wp\/v2\/posts"}],"about":[{"href":"https:\/\/www.polishscience.pl\/de\/wp-json\/wp\/v2\/types\/post"}],"author":[{"embeddable":true,"href":"https:\/\/www.polishscience.pl\/de\/wp-json\/wp\/v2\/users\/9"}],"replies":[{"embeddable":true,"href":"https:\/\/www.polishscience.pl\/de\/wp-json\/wp\/v2\/comments?post=42598"}],"version-history":[{"count":0,"href":"https:\/\/www.polishscience.pl\/de\/wp-json\/wp\/v2\/posts\/42598\/revisions"}],"wp:attachment":[{"href":"https:\/\/www.polishscience.pl\/de\/wp-json\/wp\/v2\/media?parent=42598"}],"wp:term":[{"taxonomy":"category","embeddable":true,"href":"https:\/\/www.polishscience.pl\/de\/wp-json\/wp\/v2\/categories?post=42598"},{"taxonomy":"post_tag","embeddable":true,"href":"https:\/\/www.polishscience.pl\/de\/wp-json\/wp\/v2\/tags?post=42598"}],"curies":[{"name":"wp","href":"https:\/\/api.w.org\/{rel}","templated":true}]}}