{"id":42502,"date":"2018-10-16T14:19:10","date_gmt":"2018-10-16T12:19:10","guid":{"rendered":"http:\/\/polishscience.pl\/?p=42502"},"modified":"2018-12-11T11:20:40","modified_gmt":"2018-12-11T10:20:40","slug":"absichtserklaerung-ueber-die-schaffung-einer-foederation-der-universitaet-warschau-und-der-medizinischen-universitaet-warschau","status":"publish","type":"post","link":"https:\/\/www.polishscience.pl\/de\/absichtserklaerung-ueber-die-schaffung-einer-foederation-der-universitaet-warschau-und-der-medizinischen-universitaet-warschau\/","title":{"rendered":"Absichtserkl\u00e4rung \u00fcber die Schaffung einer F\u00f6deration der Universit\u00e4t Warschau und der Medizinischen Universit\u00e4t Warschau"},"content":{"rendered":"<p><strong>Am 16. Oktober haben die Universit\u00e4t Warschau und die Medizinische Universit\u00e4t Warschau eine Absichtserkl\u00e4rung \u00fcber die Schaffung der F\u00f6deration unterzeichnet. Solche M\u00f6glichkeit ist dank dem neuen Gesetz \u00fcber Wissenschaft und Hochschulbildung entstanden.<\/strong><\/p>\n<p>Die Universit\u00e4ten haben vor, gemeinsam wissenschaftliche Projekte und ausgew\u00e4hlte Lehrveranstaltungen durchzuf\u00fchren sowie ihren Studenten und Mitarbeitern die wissenschaftliche Infrastruktur der beiden Universit\u00e4ten zur Verf\u00fcgung zu stellen. Die Warschauer Hochschulen werden einen Antrag auf die Schaffung der F\u00f6deration an das Ministerium f\u00fcr Wissenschaft 2019 stellen.<\/p>\n<p>Wir m\u00f6chten, dass der Kontakt zwischen unseren Universit\u00e4ten nach mehreren Jahren eine neue reale Dimension erreiche. Ich denke hier an konkrete wissenschaftliche, didaktische und organisatorische Zusammenarbeit \u2013 erkl\u00e4rte w\u00e4hrend der feierlichen Er\u00f6ffnung des akademischen Jahres Prof. Marcin Pa\u0142ys, Rektor der Universit\u00e4t Warschau.<\/p>\n<p>Prof. Miros\u0142aw Wielgo\u015b, Rektor der Medizinischen Universit\u00e4t Warschau, betonnte dagegen, dass die beiden Hochschulen in der gemeinsamen Tradition wurzeln. Vor einiger Zeit haben wir uns entschieden, dass wir unsere Beziehungen verengen werden. Nun haben wir eine gro\u00dfe Chance, eine Modelluniversit\u00e4t, basierend auf dem Potential der beiden Hochschulen, zu schaffen \u2013 f\u00fcgte er hinzu.<\/p>\n","protected":false},"excerpt":{"rendered":"<p>Am 16. Oktober haben die Universit\u00e4t Warschau und die Medizinische Universit\u00e4t Warschau eine Absichtserkl\u00e4rung \u00fcber die Schaffung der F\u00f6deration unterzeichnet. Solche M\u00f6glichkeit ist dank dem neuen Gesetz \u00fcber Wissenschaft und Hochschulbildung entstanden. Die Universit\u00e4ten haben vor, gemeinsam wissenschaftliche Projekte und ausgew\u00e4hlte Lehrveranstaltungen durchzuf\u00fchren sowie ihren Studenten und Mitarbeitern die wissenschaftliche Infrastruktur der beiden Universit\u00e4ten zur [&hellip;]<\/p>\n","protected":false},"author":9,"featured_media":44627,"comment_status":"closed","ping_status":"closed","sticky":false,"template":"","format":"standard","meta":[],"categories":[59],"tags":[],"_links":{"self":[{"href":"https:\/\/www.polishscience.pl\/de\/wp-json\/wp\/v2\/posts\/42502"}],"collection":[{"href":"https:\/\/www.polishscience.pl\/de\/wp-json\/wp\/v2\/posts"}],"about":[{"href":"https:\/\/www.polishscience.pl\/de\/wp-json\/wp\/v2\/types\/post"}],"author":[{"embeddable":true,"href":"https:\/\/www.polishscience.pl\/de\/wp-json\/wp\/v2\/users\/9"}],"replies":[{"embeddable":true,"href":"https:\/\/www.polishscience.pl\/de\/wp-json\/wp\/v2\/comments?post=42502"}],"version-history":[{"count":0,"href":"https:\/\/www.polishscience.pl\/de\/wp-json\/wp\/v2\/posts\/42502\/revisions"}],"wp:featuredmedia":[{"embeddable":true,"href":"https:\/\/www.polishscience.pl\/de\/wp-json\/wp\/v2\/media\/44627"}],"wp:attachment":[{"href":"https:\/\/www.polishscience.pl\/de\/wp-json\/wp\/v2\/media?parent=42502"}],"wp:term":[{"taxonomy":"category","embeddable":true,"href":"https:\/\/www.polishscience.pl\/de\/wp-json\/wp\/v2\/categories?post=42502"},{"taxonomy":"post_tag","embeddable":true,"href":"https:\/\/www.polishscience.pl\/de\/wp-json\/wp\/v2\/tags?post=42502"}],"curies":[{"name":"wp","href":"https:\/\/api.w.org\/{rel}","templated":true}]}}