{"id":42274,"date":"2018-10-15T20:31:29","date_gmt":"2018-10-15T18:31:29","guid":{"rendered":"http:\/\/polishscience.pl\/?p=42274"},"modified":"2018-10-15T20:31:29","modified_gmt":"2018-10-15T18:31:29","slug":"wissenschaftler-vom-collegium-civitas-auf-einem-symposium-in-london-school-of-economics","status":"publish","type":"post","link":"https:\/\/www.polishscience.pl\/de\/wissenschaftler-vom-collegium-civitas-auf-einem-symposium-in-london-school-of-economics\/","title":{"rendered":"Wissenschaftler vom Collegium Civitas auf einem Symposium in London School of Economics"},"content":{"rendered":"<p><strong>Die Wissenschaftler vom Warschauer Collegium Civitas werden am 26. und 27. Oktober 2018 an einem Symposium \u201cWe, the people: Political, media and popular discourses of \u2018us\u2019 and \u2018them\u2019\u201d teilnehmen, das im Department f\u00fcr Medien und Kommunikation der Lodnon School of Economics stattfinden wird. <\/strong><\/p>\n<p>Der Rektor von Collegium Civitas, Prof. Stanis\u0142aw Mocek wird ein Thema: \u201eDie Gegenpole: politische und soziale Diskurse \u00fcber Nation, Demokratie und Europa\u201c pr\u00e4sentieren und Dr. Marek Troszy\u0144ski wird \u00fcber \u201eLiberale und illiberale Treffen Polens mit Fl\u00fcchtlingen\u201c.<\/p>\n<p>Wie die Universit\u00e4t informiert, wird das Londoner Symposium die Kommunikationsstrategien\u00a0 und\u00a0 populistische Diskurse \u00fcber die Gesellschaft betreffen. Das Seminar wird der Identit\u00e4tspolitik sowie den politischen, medialen und gesellschaftlichen Narrationen hinsichtlich der Begriffe \u201ewir\u201c und \u201cich\u201c in Europa and au\u00dferhalb Europas gewidmet sein.<\/p>\n","protected":false},"excerpt":{"rendered":"<p>Die Wissenschaftler vom Warschauer Collegium Civitas werden am 26. und 27. Oktober 2018 an einem Symposium \u201cWe, the people: Political, media and popular discourses of \u2018us\u2019 and \u2018them\u2019\u201d teilnehmen, das im Department f\u00fcr Medien und Kommunikation der Lodnon School of Economics stattfinden wird. Der Rektor von Collegium Civitas, Prof. Stanis\u0142aw Mocek wird ein Thema: \u201eDie [&hellip;]<\/p>\n","protected":false},"author":9,"featured_media":0,"comment_status":"closed","ping_status":"closed","sticky":false,"template":"","format":"standard","meta":[],"categories":[61,65],"tags":[],"_links":{"self":[{"href":"https:\/\/www.polishscience.pl\/de\/wp-json\/wp\/v2\/posts\/42274"}],"collection":[{"href":"https:\/\/www.polishscience.pl\/de\/wp-json\/wp\/v2\/posts"}],"about":[{"href":"https:\/\/www.polishscience.pl\/de\/wp-json\/wp\/v2\/types\/post"}],"author":[{"embeddable":true,"href":"https:\/\/www.polishscience.pl\/de\/wp-json\/wp\/v2\/users\/9"}],"replies":[{"embeddable":true,"href":"https:\/\/www.polishscience.pl\/de\/wp-json\/wp\/v2\/comments?post=42274"}],"version-history":[{"count":0,"href":"https:\/\/www.polishscience.pl\/de\/wp-json\/wp\/v2\/posts\/42274\/revisions"}],"wp:attachment":[{"href":"https:\/\/www.polishscience.pl\/de\/wp-json\/wp\/v2\/media?parent=42274"}],"wp:term":[{"taxonomy":"category","embeddable":true,"href":"https:\/\/www.polishscience.pl\/de\/wp-json\/wp\/v2\/categories?post=42274"},{"taxonomy":"post_tag","embeddable":true,"href":"https:\/\/www.polishscience.pl\/de\/wp-json\/wp\/v2\/tags?post=42274"}],"curies":[{"name":"wp","href":"https:\/\/api.w.org\/{rel}","templated":true}]}}