{"id":41906,"date":"2018-10-12T15:31:32","date_gmt":"2018-10-12T13:31:32","guid":{"rendered":"http:\/\/polishscience.pl\/?p=41906"},"modified":"2018-10-12T16:31:59","modified_gmt":"2018-10-12T14:31:59","slug":"technische-und-humanistische-akademie-in-bielsko-biala-10-millionen-fuer-die-verbesserung-der-qualitaet-der-bildung","status":"publish","type":"post","link":"https:\/\/www.polishscience.pl\/de\/technische-und-humanistische-akademie-in-bielsko-biala-10-millionen-fuer-die-verbesserung-der-qualitaet-der-bildung\/","title":{"rendered":"Technische und Humanistische Akademie in Bielsko-Bia\u0142a \u2013 10 Millionen f\u00fcr die Verbesserung der Qualit\u00e4t der Bildung"},"content":{"rendered":"<p><strong>Die Technische und Humanistische Akademie in Bielsko-Bia\u0142a hat 10 Millionen PLN f\u00fcr die Durchf\u00fchrung des Projekts \u201eBestellte Kompetenzen \u2013 Krankenpflege von der Ausbildung zur Besch\u00e4ftigung\u201c erhalten. Den Vertrag in dieser Angelegenheit haben der Rektor der Akademie \u2013 Prof. Dr. habil. Jaros\u0142aw Janicki und der Unterstaatssekret\u00e4r im Gesundheitsministerium \u2013 Maciej Mi\u0142kowski unterzeichnet.<\/strong><\/p>\n<p>Das Projekt verfolgt das Ziel, die Qualit\u00e4t der Hochschulbildung im Studiengang Krankenpflege zu verbessern. Dies soll zum gr\u00f6\u00dferen Interesse an diesem Studiengang f\u00fchren und zu der Ausbildung einer gr\u00f6\u00dferen Anzahl von Absolventen beitragen soll.<\/p>\n<p>Die Durchf\u00fchrung des Projekts wird die Entwicklung der beruflichen Kompetenzen und der Qualifikationen des medizinischen Personals, die den epidemiologischen und demographischen Bed\u00fcrfnissen des Landes entsprechen werden, erm\u00f6glichen. Dieses Ziel soll durch die Organisation von einer Reihe der medizinischen Berufsschulungen f\u00fcr die Absolventen erreicht werden \u2013 sagt die Hochschule auf ihrer Internetseite an.<\/p>\n","protected":false},"excerpt":{"rendered":"<p>Die Technische und Humanistische Akademie in Bielsko-Bia\u0142a hat 10 Millionen PLN f\u00fcr die Durchf\u00fchrung des Projekts \u201eBestellte Kompetenzen \u2013 Krankenpflege von der Ausbildung zur Besch\u00e4ftigung\u201c erhalten. Den Vertrag in dieser Angelegenheit haben der Rektor der Akademie \u2013 Prof. Dr. habil. Jaros\u0142aw Janicki und der Unterstaatssekret\u00e4r im Gesundheitsministerium \u2013 Maciej Mi\u0142kowski unterzeichnet. Das Projekt verfolgt das [&hellip;]<\/p>\n","protected":false},"author":9,"featured_media":0,"comment_status":"closed","ping_status":"closed","sticky":false,"template":"","format":"standard","meta":[],"categories":[60,59,63],"tags":[],"_links":{"self":[{"href":"https:\/\/www.polishscience.pl\/de\/wp-json\/wp\/v2\/posts\/41906"}],"collection":[{"href":"https:\/\/www.polishscience.pl\/de\/wp-json\/wp\/v2\/posts"}],"about":[{"href":"https:\/\/www.polishscience.pl\/de\/wp-json\/wp\/v2\/types\/post"}],"author":[{"embeddable":true,"href":"https:\/\/www.polishscience.pl\/de\/wp-json\/wp\/v2\/users\/9"}],"replies":[{"embeddable":true,"href":"https:\/\/www.polishscience.pl\/de\/wp-json\/wp\/v2\/comments?post=41906"}],"version-history":[{"count":0,"href":"https:\/\/www.polishscience.pl\/de\/wp-json\/wp\/v2\/posts\/41906\/revisions"}],"wp:attachment":[{"href":"https:\/\/www.polishscience.pl\/de\/wp-json\/wp\/v2\/media?parent=41906"}],"wp:term":[{"taxonomy":"category","embeddable":true,"href":"https:\/\/www.polishscience.pl\/de\/wp-json\/wp\/v2\/categories?post=41906"},{"taxonomy":"post_tag","embeddable":true,"href":"https:\/\/www.polishscience.pl\/de\/wp-json\/wp\/v2\/tags?post=41906"}],"curies":[{"name":"wp","href":"https:\/\/api.w.org\/{rel}","templated":true}]}}