{"id":40566,"date":"2018-10-04T16:00:31","date_gmt":"2018-10-04T14:00:31","guid":{"rendered":"http:\/\/polishscience.pl\/?p=40566"},"modified":"2018-10-04T15:53:17","modified_gmt":"2018-10-04T13:53:17","slug":"schon-am-16-oktober-eine-absichtserklaerung-ueber-die-foederalisierung-der-universitaet-warschau-und-der-medizinischen-universitaet-warschau","status":"publish","type":"post","link":"https:\/\/www.polishscience.pl\/de\/schon-am-16-oktober-eine-absichtserklaerung-ueber-die-foederalisierung-der-universitaet-warschau-und-der-medizinischen-universitaet-warschau\/","title":{"rendered":"Schon am 16. Oktober eine Absichtserkl\u00e4rung \u00fcber die F\u00f6deralisierung der Universit\u00e4t Warschau und der Medizinischen Universit\u00e4t Warschau"},"content":{"rendered":"<p><strong>Das inkrafttretende Recht, neues Gesetz \u00fcber Wissenschaft und Hochschulbildung kann, wenn man es gut nutzen wird, f\u00fcr die Hochschulen bedeutende und g\u00fcnstige Ver\u00e4nderungen bringen. Das ist aber auch \u2013 vor allem in der ersten Phase der Umsetzung \u2013 gro\u00dfe Herausforderung \u2013 hat w\u00e4hrend der Er\u00f6ffnung des akademischen Jahres an der Universit\u00e4t Warschau Prof. Marcin Pa\u0142ys, der Rektor der Universit\u00e4t gesagt. <\/strong><\/p>\n<p>In der Er\u00f6ffnungsrede sprach Prof. Pa\u0142ys auch \u00fcber die Pl\u00e4ne der F\u00f6deralisierung mit der Medizinischen Universit\u00e4t Warschau. Die Absichtserkl\u00e4rung in dieser Angelegenheit werden die Universit\u00e4ten am 16. Oktober 2018 unterzeichnen.<\/p>\n<p>Der Rektor der Universit\u00e4t Warschau hat auch an die Erfolge der Hochschule, darunter die Unterzeichnung einer Vereinbarung mit der Karls-Universit\u00e4t in Prag, der Universit\u00e4t Heidelberg und der Universit\u00e4t von Paris \u00fcber die Schaffung einer Allianz von 4 Forschungsuniversit\u00e4ten &#8211; 4EU European University Alliance, erinnert.<\/p>\n","protected":false},"excerpt":{"rendered":"<p>Das inkrafttretende Recht, neues Gesetz \u00fcber Wissenschaft und Hochschulbildung kann, wenn man es gut nutzen wird, f\u00fcr die Hochschulen bedeutende und g\u00fcnstige Ver\u00e4nderungen bringen. Das ist aber auch \u2013 vor allem in der ersten Phase der Umsetzung \u2013 gro\u00dfe Herausforderung \u2013 hat w\u00e4hrend der Er\u00f6ffnung des akademischen Jahres an der Universit\u00e4t Warschau Prof. Marcin Pa\u0142ys, [&hellip;]<\/p>\n","protected":false},"author":9,"featured_media":0,"comment_status":"closed","ping_status":"closed","sticky":false,"template":"","format":"standard","meta":[],"categories":[59],"tags":[],"_links":{"self":[{"href":"https:\/\/www.polishscience.pl\/de\/wp-json\/wp\/v2\/posts\/40566"}],"collection":[{"href":"https:\/\/www.polishscience.pl\/de\/wp-json\/wp\/v2\/posts"}],"about":[{"href":"https:\/\/www.polishscience.pl\/de\/wp-json\/wp\/v2\/types\/post"}],"author":[{"embeddable":true,"href":"https:\/\/www.polishscience.pl\/de\/wp-json\/wp\/v2\/users\/9"}],"replies":[{"embeddable":true,"href":"https:\/\/www.polishscience.pl\/de\/wp-json\/wp\/v2\/comments?post=40566"}],"version-history":[{"count":0,"href":"https:\/\/www.polishscience.pl\/de\/wp-json\/wp\/v2\/posts\/40566\/revisions"}],"wp:attachment":[{"href":"https:\/\/www.polishscience.pl\/de\/wp-json\/wp\/v2\/media?parent=40566"}],"wp:term":[{"taxonomy":"category","embeddable":true,"href":"https:\/\/www.polishscience.pl\/de\/wp-json\/wp\/v2\/categories?post=40566"},{"taxonomy":"post_tag","embeddable":true,"href":"https:\/\/www.polishscience.pl\/de\/wp-json\/wp\/v2\/tags?post=40566"}],"curies":[{"name":"wp","href":"https:\/\/api.w.org\/{rel}","templated":true}]}}