{"id":40324,"date":"2018-10-03T15:36:43","date_gmt":"2018-10-03T13:36:43","guid":{"rendered":"http:\/\/polishscience.pl\/?p=40324"},"modified":"2018-10-03T16:37:03","modified_gmt":"2018-10-03T14:37:03","slug":"rektor-der-kardinal-stefan-wyszynski-universitaet-wir-wollen-aerzte-mit-einer-mission-ausbilden","status":"publish","type":"post","link":"https:\/\/www.polishscience.pl\/de\/rektor-der-kardinal-stefan-wyszynski-universitaet-wir-wollen-aerzte-mit-einer-mission-ausbilden\/","title":{"rendered":"Rektor der Kardinal-Stefan-Wyszy\u0144ski-Universit\u00e4t: Wir wollen \u00c4rzte mit einer Mission ausbilden"},"content":{"rendered":"<p><strong>Wir wollen \u00c4rzte mit einer Mission ausbilden. Wir gehen davon aus, dass der Beruf des Arztes kein normaler Beruf ist. Das ist eine Berufung, die mit dem Dienst anderen Mitmenschen verbunden ist \u2013 erkl\u00e4rte der Priester Prof. Stanis\u0142aw Dzieko\u0144ski, Rektor der Kardinal-Stefan-Wyszy\u0144ski-Universit\u00e4t Warschau im Interview f\u00fcr die Wochenzeitung \u201eDo Rzeczy\u201c. <\/strong><\/p>\n<p>Das Gespr\u00e4ch mit dem Rektor war Collegium Medicum \u2013 der neuen Fakult\u00e4t, die an dieser Universit\u00e4t entstanden ist, gewidmet. Wie Prof. Dzieko\u0144ski betonte \u201ekann der Patient nicht als eine Krankheit behandelt werden, sondern als ein Mensch, der die Hilfe braucht\u201c.<\/p>\n<p>In den n\u00e4chsten zwei, drei Jahren wollen wir an der Kardinal-Stefan-Wyszy\u0144ski-Universit\u00e4t die medizinische Fakult\u00e4t, die die neue Qualit\u00e4t der Medizin f\u00f6rdern wird, entwickeln. Wir m\u00f6chten auch die IT-Schule ausbauen. Dieses Jahr haben wird das Zentrum f\u00fcr Digitale Wissenschaft und Technologie mit dem abgesonderten Modul der digitalen Medizin gegr\u00fcndet \u2013 f\u00fcgte der Rektor der Kardinal-Stefan-Wyszy\u0144ski-Universit\u00e4t hinzu.<\/p>\n","protected":false},"excerpt":{"rendered":"<p>Wir wollen \u00c4rzte mit einer Mission ausbilden. Wir gehen davon aus, dass der Beruf des Arztes kein normaler Beruf ist. Das ist eine Berufung, die mit dem Dienst anderen Mitmenschen verbunden ist \u2013 erkl\u00e4rte der Priester Prof. Stanis\u0142aw Dzieko\u0144ski, Rektor der Kardinal-Stefan-Wyszy\u0144ski-Universit\u00e4t Warschau im Interview f\u00fcr die Wochenzeitung \u201eDo Rzeczy\u201c. Das Gespr\u00e4ch mit dem Rektor [&hellip;]<\/p>\n","protected":false},"author":9,"featured_media":0,"comment_status":"closed","ping_status":"closed","sticky":false,"template":"","format":"standard","meta":[],"categories":[59,63],"tags":[],"_links":{"self":[{"href":"https:\/\/www.polishscience.pl\/de\/wp-json\/wp\/v2\/posts\/40324"}],"collection":[{"href":"https:\/\/www.polishscience.pl\/de\/wp-json\/wp\/v2\/posts"}],"about":[{"href":"https:\/\/www.polishscience.pl\/de\/wp-json\/wp\/v2\/types\/post"}],"author":[{"embeddable":true,"href":"https:\/\/www.polishscience.pl\/de\/wp-json\/wp\/v2\/users\/9"}],"replies":[{"embeddable":true,"href":"https:\/\/www.polishscience.pl\/de\/wp-json\/wp\/v2\/comments?post=40324"}],"version-history":[{"count":0,"href":"https:\/\/www.polishscience.pl\/de\/wp-json\/wp\/v2\/posts\/40324\/revisions"}],"wp:attachment":[{"href":"https:\/\/www.polishscience.pl\/de\/wp-json\/wp\/v2\/media?parent=40324"}],"wp:term":[{"taxonomy":"category","embeddable":true,"href":"https:\/\/www.polishscience.pl\/de\/wp-json\/wp\/v2\/categories?post=40324"},{"taxonomy":"post_tag","embeddable":true,"href":"https:\/\/www.polishscience.pl\/de\/wp-json\/wp\/v2\/tags?post=40324"}],"curies":[{"name":"wp","href":"https:\/\/api.w.org\/{rel}","templated":true}]}}