{"id":39232,"date":"2018-09-26T14:39:06","date_gmt":"2018-09-26T12:39:06","guid":{"rendered":"http:\/\/polishscience.pl\/?p=39232"},"modified":"2018-09-26T16:39:25","modified_gmt":"2018-09-26T14:39:25","slug":"21-internationale-onomastische-konferenz-onomastische-terminologie-bildung-von-eigennamen","status":"publish","type":"post","link":"https:\/\/www.polishscience.pl\/de\/21-internationale-onomastische-konferenz-onomastische-terminologie-bildung-von-eigennamen\/","title":{"rendered":"21. Internationale Onomastische Konferenz \u201eOnomastische Terminologie \u2013 Bildung von Eigennamen\u201c"},"content":{"rendered":"<p><strong>Die Fakult\u00e4t f\u00fcr Geisteswissenschaften der Maria-Curie-Sk\u0142odowska-Universit\u00e4t Lublin organisiert in der Kooperation mit dem Komitee f\u00fcr Sprachwissenschaft der Polnischen Akademie der Wissenschaften und bei der Unterst\u00fctzung von der Niederlassung Lublin der Gesellschaft f\u00fcr Liebhaber der Polnischen Sprache die\u00a0 21. Internationale Onomastische Konferenz \u201eOnomastische Terminologie \u2013 Bildung von Eigennamen\u201c.<\/strong><\/p>\n<p>Die Konferenz ist auf 4. Oktober geplant und wird im Haus der Kreativen Arbeit des Polnischen Journalistenverbandes in Kazimierz Dolny an der Weichsel stattfinden \u2013 informiert Katarzyna Ska\u0142ecka vom Presseb\u00fcro der Maria-Curie-Sk\u0142odowska-Universit\u00e4t Lublin.<\/p>\n<p>Die Onomastik ist ein Teilbereich der Sprachwissenschaft, der sich mit der Forschung \u00fcber Eigennamen, u.a. Ortsnamen und Personennamen besch\u00e4ftigt.<\/p>\n<p>An der Konferenz werden mehr als 100 Wissenschaftler, die Wissenschaftseinrichtungen aus Polen, Tschechien, Slowakei, Russland, Wei\u00dfrussland, der Ukraine, Litauen, Kroatien, Makedonien, Ungarn und Italien vertreten, teilnehmen.<\/p>\n<p>Mehr:<\/p>\n<p><a href=\"http:\/\/www.onomastyka.umcs.pl\">www.onomastyka.umcs.pl<\/a><\/p>\n","protected":false},"excerpt":{"rendered":"<p>Die Fakult\u00e4t f\u00fcr Geisteswissenschaften der Maria-Curie-Sk\u0142odowska-Universit\u00e4t Lublin organisiert in der Kooperation mit dem Komitee f\u00fcr Sprachwissenschaft der Polnischen Akademie der Wissenschaften und bei der Unterst\u00fctzung von der Niederlassung Lublin der Gesellschaft f\u00fcr Liebhaber der Polnischen Sprache die\u00a0 21. Internationale Onomastische Konferenz \u201eOnomastische Terminologie \u2013 Bildung von Eigennamen\u201c. Die Konferenz ist auf 4. Oktober geplant und [&hellip;]<\/p>\n","protected":false},"author":9,"featured_media":0,"comment_status":"closed","ping_status":"closed","sticky":false,"template":"","format":"standard","meta":[],"categories":[61,65],"tags":[],"_links":{"self":[{"href":"https:\/\/www.polishscience.pl\/de\/wp-json\/wp\/v2\/posts\/39232"}],"collection":[{"href":"https:\/\/www.polishscience.pl\/de\/wp-json\/wp\/v2\/posts"}],"about":[{"href":"https:\/\/www.polishscience.pl\/de\/wp-json\/wp\/v2\/types\/post"}],"author":[{"embeddable":true,"href":"https:\/\/www.polishscience.pl\/de\/wp-json\/wp\/v2\/users\/9"}],"replies":[{"embeddable":true,"href":"https:\/\/www.polishscience.pl\/de\/wp-json\/wp\/v2\/comments?post=39232"}],"version-history":[{"count":0,"href":"https:\/\/www.polishscience.pl\/de\/wp-json\/wp\/v2\/posts\/39232\/revisions"}],"wp:attachment":[{"href":"https:\/\/www.polishscience.pl\/de\/wp-json\/wp\/v2\/media?parent=39232"}],"wp:term":[{"taxonomy":"category","embeddable":true,"href":"https:\/\/www.polishscience.pl\/de\/wp-json\/wp\/v2\/categories?post=39232"},{"taxonomy":"post_tag","embeddable":true,"href":"https:\/\/www.polishscience.pl\/de\/wp-json\/wp\/v2\/tags?post=39232"}],"curies":[{"name":"wp","href":"https:\/\/api.w.org\/{rel}","templated":true}]}}