{"id":37613,"date":"2018-09-17T13:55:27","date_gmt":"2018-09-17T11:55:27","guid":{"rendered":"http:\/\/polishscience.pl\/?p=37613"},"modified":"2018-09-17T17:09:56","modified_gmt":"2018-09-17T15:09:56","slug":"1-kongress-der-visegrad-cluster-im-bildungs-und-kongresszentrum-der-schlesischen-technischen-universitaet","status":"publish","type":"post","link":"https:\/\/www.polishscience.pl\/de\/1-kongress-der-visegrad-cluster-im-bildungs-und-kongresszentrum-der-schlesischen-technischen-universitaet\/","title":{"rendered":"1. Kongress der Visegr\u00e1d-Cluster im Bildungs- und Kongresszentrum der Schlesischen Technischen Universit\u00e4t"},"content":{"rendered":"<p><strong>Die erste Ausgabe des Kongresses f\u00fcr Visegr\u00e1d-Cluster wird am 25. und 26. September im Bildungs- und Kongresszentrum der Schlesischen Technischen Universit\u00e4t stattfinden. Die wichtigsten Themen werden der Verteidigungs- und Weltraumsektor, ITC, Biotechnologie sowie Elektromobilit\u00e4t sein \u2013 sagt die Universit\u00e4t im ihren Internetportal an.<\/strong><\/p>\n<p><strong>\u00a0<\/strong>Das Ziel des Kongresses, der von der Schlesischen Technischen Universit\u00e4t mitorganisiert wird, ist der Austausch von Informationen zwischen den innovativen Unternehmen sowie die Integration von Clustern und Cluster-Initiativen, sowie den Subjekten, die in Cluster in den L\u00e4ndern der Visegr\u00e1d-Gruppe ihre T\u00e4tigkeit f\u00fchren. Dies soll der Erh\u00f6hung von Konkurrenzf\u00e4higkeit und der Ausgleichung von Entwicklungschancen durch den Austausch von Erfahrungen dienen.<\/p>\n<p>Im Programm des Kongresses sind Diskussionen \u00fcber Innovationen in Clustern, Schl\u00fcsselcluster, Finanzierung der Cluster in der EU und in den L\u00e4ndern der\u00a0 Visegr\u00e1d-Gruppe sowie \u00fcber die intelligente Spezialisierungen, internationale Zusammenarbeit, Export, Elektromobilit\u00e4t und Motorisierung geplant.<\/p>\n<p>&nbsp;<\/p>\n<p>Mehr: <u><a href=\"https:\/\/visegradclustercongress.klastrypolskie.pl\/\">https:\/\/visegradclustercongress.klastrypolskie.pl\/<\/a><\/u><\/p>\n","protected":false},"excerpt":{"rendered":"<p>Die erste Ausgabe des Kongresses f\u00fcr Visegr\u00e1d-Cluster wird am 25. und 26. September im Bildungs- und Kongresszentrum der Schlesischen Technischen Universit\u00e4t stattfinden. Die wichtigsten Themen werden der Verteidigungs- und Weltraumsektor, ITC, Biotechnologie sowie Elektromobilit\u00e4t sein \u2013 sagt die Universit\u00e4t im ihren Internetportal an. \u00a0Das Ziel des Kongresses, der von der Schlesischen Technischen Universit\u00e4t mitorganisiert wird, [&hellip;]<\/p>\n","protected":false},"author":9,"featured_media":0,"comment_status":"closed","ping_status":"closed","sticky":false,"template":"","format":"standard","meta":[],"categories":[64,65],"tags":[],"_links":{"self":[{"href":"https:\/\/www.polishscience.pl\/de\/wp-json\/wp\/v2\/posts\/37613"}],"collection":[{"href":"https:\/\/www.polishscience.pl\/de\/wp-json\/wp\/v2\/posts"}],"about":[{"href":"https:\/\/www.polishscience.pl\/de\/wp-json\/wp\/v2\/types\/post"}],"author":[{"embeddable":true,"href":"https:\/\/www.polishscience.pl\/de\/wp-json\/wp\/v2\/users\/9"}],"replies":[{"embeddable":true,"href":"https:\/\/www.polishscience.pl\/de\/wp-json\/wp\/v2\/comments?post=37613"}],"version-history":[{"count":0,"href":"https:\/\/www.polishscience.pl\/de\/wp-json\/wp\/v2\/posts\/37613\/revisions"}],"wp:attachment":[{"href":"https:\/\/www.polishscience.pl\/de\/wp-json\/wp\/v2\/media?parent=37613"}],"wp:term":[{"taxonomy":"category","embeddable":true,"href":"https:\/\/www.polishscience.pl\/de\/wp-json\/wp\/v2\/categories?post=37613"},{"taxonomy":"post_tag","embeddable":true,"href":"https:\/\/www.polishscience.pl\/de\/wp-json\/wp\/v2\/tags?post=37613"}],"curies":[{"name":"wp","href":"https:\/\/api.w.org\/{rel}","templated":true}]}}