{"id":37162,"date":"2018-09-13T15:06:20","date_gmt":"2018-09-13T13:06:20","guid":{"rendered":"http:\/\/polishscience.pl\/?p=37162"},"modified":"2018-09-13T13:17:08","modified_gmt":"2018-09-13T11:17:08","slug":"das-jahr-1918-aus-der-polnischen-litauischen-wei%ce%b2russischen-und-ukrainischen-perspektive","status":"publish","type":"post","link":"https:\/\/www.polishscience.pl\/de\/das-jahr-1918-aus-der-polnischen-litauischen-wei%ce%b2russischen-und-ukrainischen-perspektive\/","title":{"rendered":"Das Jahr 1918 aus der polnischen, litauischen, wei\u03b2russischen und ukrainischen Perspektive"},"content":{"rendered":"<p><b>Wie wurden die Umst\u00e4nde, Bedeutung und Bewertung von Wiedergewinnung der Unabh\u00e4ngigkeit Polens in der Historiographie und in den Schulb\u00fcchern dargestellt? Was war \u201edas Jahr 1918\u201c aus der polnischen, litauischen, wei\u03b2russischen und ukrainischen Perspektive? Mit diesen wichtigen Fragen besch\u00e4ftigen sich die Teilnehmer der internationalen wissenschaftlichen Konferenz, die am 13. und 14. September an der Universit\u00e4t Bia\u0142ystok stattfindet \u2013 informiert Katarzyna Dziedzik, die Pressesprecherin der Hochschule.<\/b><\/p>\n<p>Die Referenten in der Konferenz sind bekannte Historiker aus Polen, Litauen und Wei\u03b2russland. Den Diskussionen in der Aula der Fakult\u00e4t f\u00fcr Geschichte und Soziologie der Universit\u00e4t Bia\u0142ystok k\u00f6nnen alle Personen zuh\u00f6ren, die an diesem Thema Interesse haben.<\/p>\n<p>Die Organisatoren der Konferenz sind: das Institut f\u00fcr Geschichte und Politikwissenschaften der Universit\u00e4t Bia\u0142ystok, der Polnische Historikerverein (Polskie Towarzystwo Historyczne) und das Regionale Zentrum f\u00fcr Internationale Diskussion Bia\u0142ystok (Regionalny O\u015brodek Debaty Mi\u0119dzynarodowej).<\/p>\n","protected":false},"excerpt":{"rendered":"<p>Wie wurden die Umst\u00e4nde, Bedeutung und Bewertung von Wiedergewinnung der Unabh\u00e4ngigkeit Polens in der Historiographie und in den Schulb\u00fcchern dargestellt? Was war \u201edas Jahr 1918\u201c aus der polnischen, litauischen, wei\u03b2russischen und ukrainischen Perspektive? Mit diesen wichtigen Fragen besch\u00e4ftigen sich die Teilnehmer der internationalen wissenschaftlichen Konferenz, die am 13. und 14. September an der Universit\u00e4t Bia\u0142ystok [&hellip;]<\/p>\n","protected":false},"author":6,"featured_media":0,"comment_status":"closed","ping_status":"closed","sticky":false,"template":"","format":"standard","meta":[],"categories":[61,65],"tags":[],"_links":{"self":[{"href":"https:\/\/www.polishscience.pl\/de\/wp-json\/wp\/v2\/posts\/37162"}],"collection":[{"href":"https:\/\/www.polishscience.pl\/de\/wp-json\/wp\/v2\/posts"}],"about":[{"href":"https:\/\/www.polishscience.pl\/de\/wp-json\/wp\/v2\/types\/post"}],"author":[{"embeddable":true,"href":"https:\/\/www.polishscience.pl\/de\/wp-json\/wp\/v2\/users\/6"}],"replies":[{"embeddable":true,"href":"https:\/\/www.polishscience.pl\/de\/wp-json\/wp\/v2\/comments?post=37162"}],"version-history":[{"count":0,"href":"https:\/\/www.polishscience.pl\/de\/wp-json\/wp\/v2\/posts\/37162\/revisions"}],"wp:attachment":[{"href":"https:\/\/www.polishscience.pl\/de\/wp-json\/wp\/v2\/media?parent=37162"}],"wp:term":[{"taxonomy":"category","embeddable":true,"href":"https:\/\/www.polishscience.pl\/de\/wp-json\/wp\/v2\/categories?post=37162"},{"taxonomy":"post_tag","embeddable":true,"href":"https:\/\/www.polishscience.pl\/de\/wp-json\/wp\/v2\/tags?post=37162"}],"curies":[{"name":"wp","href":"https:\/\/api.w.org\/{rel}","templated":true}]}}