{"id":37161,"date":"2018-09-13T14:16:19","date_gmt":"2018-09-13T12:16:19","guid":{"rendered":"http:\/\/polishscience.pl\/?p=37161"},"modified":"2018-09-13T13:16:42","modified_gmt":"2018-09-13T11:16:42","slug":"der-2-internationale-kongress-der-bewegung-europa-christi","status":"publish","type":"post","link":"https:\/\/www.polishscience.pl\/de\/der-2-internationale-kongress-der-bewegung-europa-christi\/","title":{"rendered":"Der 2. Internationale Kongress der Bewegung Europa Christi"},"content":{"rendered":"<p><b>Der 2. Internationale Kongress der Bewegung Europa Christi mit der Teilnahme von ausgezeichneten europ\u00e4ischen Wissenschaftlern findet vom 14. bis zum 22. Oktober 2018 in Cz\u0119stochowa, Warschau, Rzesz\u00f3w, Lublin, \u0141\u00f3d\u017a und Krakau statt. Im Jahr des 100. Jahrestags der Unabh\u00e4ngigkeit Polens und des 40. Jahrestags der Wahl von Johannes Paul II. zum Papst tagen die Teilnehmer des Kongresses unter dem Motto: \u201eDie Vorstellung Europas nach Johannes Paul II&#8220;.<\/b><\/p>\n<p>Wie die Kardinal-Stefan-Wyszy\u0144ski-Universit\u00e4t informiert, findet im Rahmen des Kongresses am 15. Oktober an der Hochschule eine Podiumsdiskussion \u201eDie Kirche in Europa\u201c statt. In anderen St\u00e4dten finden f\u00fcnf umfangreiche Podiumsgespr\u00e4che, u.a. zum Thema: Recht und \u00d6konomie im europ\u00e4ischen Wertesystem, Rechristianisierung Europas und Rolle der Familie, statt. Diese Themen werden von Vertretern der katholischen Milieus, der Universit\u00e4ten und von den Politikern (darunter auch von Premierministern Polens und Ungarns), Vertretern der polnischen Regierung und des Europ\u00e4ischen Parlaments diskutiert.<\/p>\n<p>Mehr:<br \/>\n<a href=\"https:\/\/uksw.edu.pl\/images\/aktualnosci\/Midzynarodowy-Kongres-Europa-Christi_program.pdf\">https:\/\/uksw.edu.pl\/images\/aktualnosci\/Midzynarodowy-Kongres-Europa-Christi_program.pdf<\/a><\/p>\n","protected":false},"excerpt":{"rendered":"<p>Der 2. Internationale Kongress der Bewegung Europa Christi mit der Teilnahme von ausgezeichneten europ\u00e4ischen Wissenschaftlern findet vom 14. bis zum 22. Oktober 2018 in Cz\u0119stochowa, Warschau, Rzesz\u00f3w, Lublin, \u0141\u00f3d\u017a und Krakau statt. Im Jahr des 100. Jahrestags der Unabh\u00e4ngigkeit Polens und des 40. Jahrestags der Wahl von Johannes Paul II. zum Papst tagen die Teilnehmer [&hellip;]<\/p>\n","protected":false},"author":6,"featured_media":0,"comment_status":"closed","ping_status":"closed","sticky":false,"template":"","format":"standard","meta":[],"categories":[65],"tags":[],"_links":{"self":[{"href":"https:\/\/www.polishscience.pl\/de\/wp-json\/wp\/v2\/posts\/37161"}],"collection":[{"href":"https:\/\/www.polishscience.pl\/de\/wp-json\/wp\/v2\/posts"}],"about":[{"href":"https:\/\/www.polishscience.pl\/de\/wp-json\/wp\/v2\/types\/post"}],"author":[{"embeddable":true,"href":"https:\/\/www.polishscience.pl\/de\/wp-json\/wp\/v2\/users\/6"}],"replies":[{"embeddable":true,"href":"https:\/\/www.polishscience.pl\/de\/wp-json\/wp\/v2\/comments?post=37161"}],"version-history":[{"count":0,"href":"https:\/\/www.polishscience.pl\/de\/wp-json\/wp\/v2\/posts\/37161\/revisions"}],"wp:attachment":[{"href":"https:\/\/www.polishscience.pl\/de\/wp-json\/wp\/v2\/media?parent=37161"}],"wp:term":[{"taxonomy":"category","embeddable":true,"href":"https:\/\/www.polishscience.pl\/de\/wp-json\/wp\/v2\/categories?post=37161"},{"taxonomy":"post_tag","embeddable":true,"href":"https:\/\/www.polishscience.pl\/de\/wp-json\/wp\/v2\/tags?post=37161"}],"curies":[{"name":"wp","href":"https:\/\/api.w.org\/{rel}","templated":true}]}}