{"id":36929,"date":"2018-09-12T13:07:30","date_gmt":"2018-09-12T11:07:30","guid":{"rendered":"http:\/\/polishscience.pl\/?p=36929"},"modified":"2018-09-12T16:08:18","modified_gmt":"2018-09-12T14:08:18","slug":"iv-gesamtpolnischer-kongress-fuer-politologie-in-lublin","status":"publish","type":"post","link":"https:\/\/www.polishscience.pl\/de\/iv-gesamtpolnischer-kongress-fuer-politologie-in-lublin\/","title":{"rendered":"IV Gesamtpolnischer Kongress f\u00fcr Politologie in Lublin"},"content":{"rendered":"<p><strong>Die Fakult\u00e4t f\u00fcr Politikwissenschaften der Maria-Curie-Sk\u0142odowska-Universit\u00e4t Lublin, die Polnische Vereinigung f\u00fcr Politikwissenschaft sowie das Komitee f\u00fcr Politikwissenschaften der Polnischen Akademie der Wissenschaften organisieren vom 18. bis zum 20. September den 4. Gesamtpolnischen Kongress f\u00fcr Politologie. <\/strong><\/p>\n<p>Das Thema des Kongresses lautet \u201eDer Staat in Zeiten des Wandels\u201c. Aneta Adamska, Pressesprecherin der Universit\u00e4t informiert, dass die Veranstaltungsteilnehmer sich auf die grundlegenden \u201etraditionellen\u201c politologischen Kategorien wie der Staat und die Macht konzentrieren werden, jedoch mit der Ber\u00fccksichtigung der Dynamik und Wechselhaftigkeit von qualitativ neuen Eigenschaften des sozialen Umfelds, in dem der Staat funktioniert.<\/p>\n<p>Am Kongress werden 726 Forscher aus 85 Wissenschaftseinrichtungen teilnehmen. Darunter werden sich 30 Vertreter der ausl\u00e4ndischen Forschungseinheiten befinden. An der Er\u00f6ffnung der Veranstaltung wird laut Versprechungen der stellvertretende Ministerpr\u00e4sident Jaros\u0142aw Gowin, Minister f\u00fcr Wissenschaft und Hochschulbildung teilnehmen. Den Er\u00f6ffnungsvortrag wird Prof. Stefano Guzzini, ausgezeichneter deutsch-franz\u00f6sischer Politologe, der sich mit der Theorie der internationalen Beziehungen besch\u00e4ftigt, halten.<\/p>\n<p>Mehr:<\/p>\n<p>www.kongrespolitologii.umcs.pl<\/p>\n","protected":false},"excerpt":{"rendered":"<p>Die Fakult\u00e4t f\u00fcr Politikwissenschaften der Maria-Curie-Sk\u0142odowska-Universit\u00e4t Lublin, die Polnische Vereinigung f\u00fcr Politikwissenschaft sowie das Komitee f\u00fcr Politikwissenschaften der Polnischen Akademie der Wissenschaften organisieren vom 18. bis zum 20. September den 4. Gesamtpolnischen Kongress f\u00fcr Politologie. Das Thema des Kongresses lautet \u201eDer Staat in Zeiten des Wandels\u201c. Aneta Adamska, Pressesprecherin der Universit\u00e4t informiert, dass die Veranstaltungsteilnehmer [&hellip;]<\/p>\n","protected":false},"author":9,"featured_media":0,"comment_status":"closed","ping_status":"closed","sticky":false,"template":"","format":"standard","meta":[],"categories":[61,59,65],"tags":[],"_links":{"self":[{"href":"https:\/\/www.polishscience.pl\/de\/wp-json\/wp\/v2\/posts\/36929"}],"collection":[{"href":"https:\/\/www.polishscience.pl\/de\/wp-json\/wp\/v2\/posts"}],"about":[{"href":"https:\/\/www.polishscience.pl\/de\/wp-json\/wp\/v2\/types\/post"}],"author":[{"embeddable":true,"href":"https:\/\/www.polishscience.pl\/de\/wp-json\/wp\/v2\/users\/9"}],"replies":[{"embeddable":true,"href":"https:\/\/www.polishscience.pl\/de\/wp-json\/wp\/v2\/comments?post=36929"}],"version-history":[{"count":0,"href":"https:\/\/www.polishscience.pl\/de\/wp-json\/wp\/v2\/posts\/36929\/revisions"}],"wp:attachment":[{"href":"https:\/\/www.polishscience.pl\/de\/wp-json\/wp\/v2\/media?parent=36929"}],"wp:term":[{"taxonomy":"category","embeddable":true,"href":"https:\/\/www.polishscience.pl\/de\/wp-json\/wp\/v2\/categories?post=36929"},{"taxonomy":"post_tag","embeddable":true,"href":"https:\/\/www.polishscience.pl\/de\/wp-json\/wp\/v2\/tags?post=36929"}],"curies":[{"name":"wp","href":"https:\/\/api.w.org\/{rel}","templated":true}]}}