{"id":36397,"date":"2018-09-10T16:12:05","date_gmt":"2018-09-10T14:12:05","guid":{"rendered":"http:\/\/polishscience.pl\/?p=36397"},"modified":"2018-09-10T10:02:58","modified_gmt":"2018-09-10T08:02:58","slug":"konferenz-fuer-sprachwissenschaftler-in-posen","status":"publish","type":"post","link":"https:\/\/www.polishscience.pl\/de\/konferenz-fuer-sprachwissenschaftler-in-posen\/","title":{"rendered":"Konferenz f\u00fcr Sprachwissenschaftler in Posen"},"content":{"rendered":"<p><strong>Die Fakult\u00e4t f\u00fcr Anglistik an der Adam-Mickiewicz-Universit\u00e4t Posen l\u00e4dt vom 13. bis zum 15. September zu dem 48. Pozna\u0144 Linguistic Meeting ein. Das Thema der diesj\u00e4hrigen Konferenz, die ausgezeichnete WissenschaftlerInnen aus der ganzen Welt versammelt, lautet \u201eSprache und Entwicklung: Probleme und Perspektiven\u201c.<\/strong><\/p>\n<p>Den Hauptvortrag: \u201eSprachentwicklung: an der Grenze zwischen Biologie und Kultur\u201c wird W. Tecumseh Fitch von der Universit\u00e4t Wien halten. Daniel Everett von der Bentley University \u2013 bekannt wegen seiner Arbeit an der Pirah\u00e3 Sprache \u2013 wird w\u00e4hrend seines Plenarvortrags: \u201eHomo erectus, Symbole und Herkunft der Sprache\u201c die Untersuchungen besprechen, die zu der Entstehung seines neuesten Buches \u201eHow Language Began\u201c gef\u00fchrt haben.<\/p>\n<p>Die beiden Wissenschaftler werden auch an der Plenardiskussion sowie einer Debatte mit anderen Referenten, die die Ergebnisse ihrer Forschung im Rahmen der Plenarsitzungen pr\u00e4sentieren werden: Ljiljana Progovac, Geoffrey Schwartz, Przemys\u0142aw \u017bywiczy\u0144ski, Piotr G\u0105siorowski und Nikolaus Ritt, teilnehmen.<\/p>\n<p>Mehr: <u><a href=\"http:\/\/wa.amu.edu.pl\/plm\/\">http:\/\/wa.amu.edu.pl\/plm\/<\/a><\/u><\/p>\n","protected":false},"excerpt":{"rendered":"<p>Die Fakult\u00e4t f\u00fcr Anglistik an der Adam-Mickiewicz-Universit\u00e4t Posen l\u00e4dt vom 13. bis zum 15. September zu dem 48. Pozna\u0144 Linguistic Meeting ein. Das Thema der diesj\u00e4hrigen Konferenz, die ausgezeichnete WissenschaftlerInnen aus der ganzen Welt versammelt, lautet \u201eSprache und Entwicklung: Probleme und Perspektiven\u201c. Den Hauptvortrag: \u201eSprachentwicklung: an der Grenze zwischen Biologie und Kultur\u201c wird W. Tecumseh [&hellip;]<\/p>\n","protected":false},"author":9,"featured_media":0,"comment_status":"closed","ping_status":"closed","sticky":false,"template":"","format":"standard","meta":[],"categories":[61,59,65],"tags":[],"_links":{"self":[{"href":"https:\/\/www.polishscience.pl\/de\/wp-json\/wp\/v2\/posts\/36397"}],"collection":[{"href":"https:\/\/www.polishscience.pl\/de\/wp-json\/wp\/v2\/posts"}],"about":[{"href":"https:\/\/www.polishscience.pl\/de\/wp-json\/wp\/v2\/types\/post"}],"author":[{"embeddable":true,"href":"https:\/\/www.polishscience.pl\/de\/wp-json\/wp\/v2\/users\/9"}],"replies":[{"embeddable":true,"href":"https:\/\/www.polishscience.pl\/de\/wp-json\/wp\/v2\/comments?post=36397"}],"version-history":[{"count":0,"href":"https:\/\/www.polishscience.pl\/de\/wp-json\/wp\/v2\/posts\/36397\/revisions"}],"wp:attachment":[{"href":"https:\/\/www.polishscience.pl\/de\/wp-json\/wp\/v2\/media?parent=36397"}],"wp:term":[{"taxonomy":"category","embeddable":true,"href":"https:\/\/www.polishscience.pl\/de\/wp-json\/wp\/v2\/categories?post=36397"},{"taxonomy":"post_tag","embeddable":true,"href":"https:\/\/www.polishscience.pl\/de\/wp-json\/wp\/v2\/tags?post=36397"}],"curies":[{"name":"wp","href":"https:\/\/api.w.org\/{rel}","templated":true}]}}