{"id":36389,"date":"2018-09-10T13:27:10","date_gmt":"2018-09-10T11:27:10","guid":{"rendered":"http:\/\/polishscience.pl\/?p=36389"},"modified":"2018-09-10T10:03:29","modified_gmt":"2018-09-10T08:03:29","slug":"ueber-kuenstliche-intelligenz-auf-dem-wandel-festival-im-kopernikus-wissenschaftszentrum","status":"publish","type":"post","link":"https:\/\/www.polishscience.pl\/de\/ueber-kuenstliche-intelligenz-auf-dem-wandel-festival-im-kopernikus-wissenschaftszentrum\/","title":{"rendered":"\u00dcber k\u00fcnstliche Intelligenz auf dem Wandel-Festival im Kopernikus Wissenschaftszentrum"},"content":{"rendered":"<p><strong>Wie wird die immer st\u00e4rker verbreitete Verwendung der k\u00fcnstlichen Intelligenz die Gesellschaft beeinflussen? W\u00e4hrend der achten Ausgabe des Wandel-Festivals werden wir pr\u00fcfen, wie Algorithmen unsere Zivilisation ver\u00e4ndern \u2013 liest man in der Mitteilung des Kopernikus Wissenschaftszentrums in Warschau, das in den Tagen vom 13. bis zum 16. September 2018 das Festival organisiert.<\/strong><\/p>\n<p>Die Veranstaltungsteilnehmer werden u.a. einen Vortrag \u201eK\u00fcnstliche Intelligenz und die Gesellschaft\u201c vom Prof. Luciano Floridi, Philosophie-Hochschullehrer an der Universit\u00e4t Oxford und Bari, sich anh\u00f6ren k\u00f6nnen. Die Organisatoren laden auch zu der Ausstellung &#8222;Machina Sapiens\u201d ein, wo man Kunstprojekte, die von Maschinen geschaffen wurden und Arbeiten der K\u00fcnstler, die den AI-Algorithmus verwenden, ansehen k\u00f6nnen wird.<\/p>\n<p>Mehr:<\/p>\n<p><a href=\"http:\/\/www.kopernik.org.pl\/projekty-specjalne\/festiwal-przemiany\/festiwal-przemiany-2018\/\">http:\/\/www.kopernik.org.pl\/projekty-specjalne\/festiwal-przemiany\/festiwal-przemiany-2018\/<\/a><\/p>\n","protected":false},"excerpt":{"rendered":"<p>Wie wird die immer st\u00e4rker verbreitete Verwendung der k\u00fcnstlichen Intelligenz die Gesellschaft beeinflussen? W\u00e4hrend der achten Ausgabe des Wandel-Festivals werden wir pr\u00fcfen, wie Algorithmen unsere Zivilisation ver\u00e4ndern \u2013 liest man in der Mitteilung des Kopernikus Wissenschaftszentrums in Warschau, das in den Tagen vom 13. bis zum 16. September 2018 das Festival organisiert. Die Veranstaltungsteilnehmer werden [&hellip;]<\/p>\n","protected":false},"author":9,"featured_media":0,"comment_status":"closed","ping_status":"closed","sticky":false,"template":"","format":"standard","meta":[],"categories":[61,58,65],"tags":[],"_links":{"self":[{"href":"https:\/\/www.polishscience.pl\/de\/wp-json\/wp\/v2\/posts\/36389"}],"collection":[{"href":"https:\/\/www.polishscience.pl\/de\/wp-json\/wp\/v2\/posts"}],"about":[{"href":"https:\/\/www.polishscience.pl\/de\/wp-json\/wp\/v2\/types\/post"}],"author":[{"embeddable":true,"href":"https:\/\/www.polishscience.pl\/de\/wp-json\/wp\/v2\/users\/9"}],"replies":[{"embeddable":true,"href":"https:\/\/www.polishscience.pl\/de\/wp-json\/wp\/v2\/comments?post=36389"}],"version-history":[{"count":0,"href":"https:\/\/www.polishscience.pl\/de\/wp-json\/wp\/v2\/posts\/36389\/revisions"}],"wp:attachment":[{"href":"https:\/\/www.polishscience.pl\/de\/wp-json\/wp\/v2\/media?parent=36389"}],"wp:term":[{"taxonomy":"category","embeddable":true,"href":"https:\/\/www.polishscience.pl\/de\/wp-json\/wp\/v2\/categories?post=36389"},{"taxonomy":"post_tag","embeddable":true,"href":"https:\/\/www.polishscience.pl\/de\/wp-json\/wp\/v2\/tags?post=36389"}],"curies":[{"name":"wp","href":"https:\/\/api.w.org\/{rel}","templated":true}]}}