{"id":36387,"date":"2018-09-10T12:00:11","date_gmt":"2018-09-10T10:00:11","guid":{"rendered":"http:\/\/polishscience.pl\/?p=36387"},"modified":"2018-09-10T10:03:35","modified_gmt":"2018-09-10T08:03:35","slug":"wissenschaftliche-konferenz-in-wien-zum-thema-der-erinnerung-und-des-vergessens-ueber-deutsche-verbrechen","status":"publish","type":"post","link":"https:\/\/www.polishscience.pl\/de\/wissenschaftliche-konferenz-in-wien-zum-thema-der-erinnerung-und-des-vergessens-ueber-deutsche-verbrechen\/","title":{"rendered":"Wissenschaftliche Konferenz in Wien zum Thema der Erinnerung und des Vergessens \u00fcber deutsche Verbrechen"},"content":{"rendered":"<p><strong>Die Wissenschaftsstation der Polnischen Akademie der Wissenschaften in Wien organisiert am 25. und 26. September 2018 eine Konferenz \u201eVergessen und in Erinnerung behalten. Die Erinnerung an und das Vergessen \u00fcber deutsche nationalsozialistische Repressionsorte, Konzentrations- und Vernichtungslager\u201c.<\/strong><\/p>\n<p>Die Teilnehmer der Konferenz werden eine Reihe von Vorlesungen und Pr\u00e4sentationen sich anh\u00f6ren k\u00f6nnen, die der Erinnerung und dem Vergessen in Bezug auf deutsche Verbrechen w\u00e4hrend des zweiten Weltkrieges gewidmet sein werden.<\/p>\n<p>Stephan Lehnstaedt aus Touro-College in Berlin wird einen Vortrag \u201eDeutsche fehlende Erinnerung an die Vernichtungslager des Einsatzes Reinhardt: Belzec, Sobibor, Treblinka\u201c halten, S\u0142awomir Bury\u0142a von der Universit\u00e4t Ermland-Masuren in Olsztyn wird die Lagerliteratur als eine Verschwiegenheit-Zone pr\u00e4sentieren und Pawe\u0142 Kosi\u0144ski vom Institut f\u00fcr Nationales Gedenken in Warschau wird einen Vortrag \u00fcber die Instrumentalisierung der Erinnerung am Beispiel der Gestalt von SS-Hauptsturmf\u00fchrer Karl Chmielewski \u2013 Kommandant des Lagers Gusen \u2013 die in den Erinnerungen der polnischen Gefangenen und seines Sohnes Werner dargestellt wurde, halten.<\/p>\n","protected":false},"excerpt":{"rendered":"<p>Die Wissenschaftsstation der Polnischen Akademie der Wissenschaften in Wien organisiert am 25. und 26. September 2018 eine Konferenz \u201eVergessen und in Erinnerung behalten. Die Erinnerung an und das Vergessen \u00fcber deutsche nationalsozialistische Repressionsorte, Konzentrations- und Vernichtungslager\u201c. Die Teilnehmer der Konferenz werden eine Reihe von Vorlesungen und Pr\u00e4sentationen sich anh\u00f6ren k\u00f6nnen, die der Erinnerung und dem [&hellip;]<\/p>\n","protected":false},"author":9,"featured_media":0,"comment_status":"closed","ping_status":"closed","sticky":false,"template":"","format":"standard","meta":[],"categories":[61,65],"tags":[],"_links":{"self":[{"href":"https:\/\/www.polishscience.pl\/de\/wp-json\/wp\/v2\/posts\/36387"}],"collection":[{"href":"https:\/\/www.polishscience.pl\/de\/wp-json\/wp\/v2\/posts"}],"about":[{"href":"https:\/\/www.polishscience.pl\/de\/wp-json\/wp\/v2\/types\/post"}],"author":[{"embeddable":true,"href":"https:\/\/www.polishscience.pl\/de\/wp-json\/wp\/v2\/users\/9"}],"replies":[{"embeddable":true,"href":"https:\/\/www.polishscience.pl\/de\/wp-json\/wp\/v2\/comments?post=36387"}],"version-history":[{"count":0,"href":"https:\/\/www.polishscience.pl\/de\/wp-json\/wp\/v2\/posts\/36387\/revisions"}],"wp:attachment":[{"href":"https:\/\/www.polishscience.pl\/de\/wp-json\/wp\/v2\/media?parent=36387"}],"wp:term":[{"taxonomy":"category","embeddable":true,"href":"https:\/\/www.polishscience.pl\/de\/wp-json\/wp\/v2\/categories?post=36387"},{"taxonomy":"post_tag","embeddable":true,"href":"https:\/\/www.polishscience.pl\/de\/wp-json\/wp\/v2\/tags?post=36387"}],"curies":[{"name":"wp","href":"https:\/\/api.w.org\/{rel}","templated":true}]}}