{"id":36385,"date":"2018-09-10T11:16:13","date_gmt":"2018-09-10T09:16:13","guid":{"rendered":"http:\/\/polishscience.pl\/?p=36385"},"modified":"2018-09-10T10:03:42","modified_gmt":"2018-09-10T08:03:42","slug":"eit-awareness-day-in-warschau","status":"publish","type":"post","link":"https:\/\/www.polishscience.pl\/de\/eit-awareness-day-in-warschau\/","title":{"rendered":"\u201eEIT Awareness Day\u201d in Warschau"},"content":{"rendered":"<p><strong>Die Nationale Kontaktstelle f\u00fcr EU-Forschungsprogramme und Europ\u00e4isches Institut f\u00fcr Innovation und Technologie (EIT) in Budapest laden zu \u201eEIT Awareness Day\u201d ein, der am 25. September in Warschau stattfinden wird. <\/strong><\/p>\n<p>W\u00e4hrend der Konferenz wird man die aktuellen Aktivit\u00e4ten des Europ\u00e4ischen Instituts f\u00fcr Innovation und Technologie in Polen und in Europa darstellen. Man wird auch die M\u00f6glichkeiten der Zusammenarbeit zwischen den Subjekten sowohl aus Polen als auch aus Europa im Bereich der Forschung, des Gesch\u00e4fts und der Bildung, pr\u00e4sentieren.<\/p>\n<p>Die Teilnahme an der Konferenz in Warschau haben: Martin Kern \u2013 EIT-Direktor; Piotr Dardzi\u0144ski \u2013 Staatssekret\u00e4r im polnischen Ministerium f\u00fcr Wissenschaft und Hochschulbildung sowie Zygmunt Krasi\u0144ski, Direktor der Nationalen Kontaktstelle f\u00fcr EU-Forschungsprogramme, angek\u00fcndigt.<\/p>\n<p>Mehr:<\/p>\n<p><a href=\"http:\/\/www.kpk.gov.pl\/wp-content\/uploads\/2018\/08\/EIT-Awareness-Day-_Poland_Agenda-1.pdf\">http:\/\/www.kpk.gov.pl\/wp-content\/uploads\/2018\/08\/EIT-Awareness-Day-_Poland_Agenda-1.pdf<\/a><\/p>\n","protected":false},"excerpt":{"rendered":"<p>Die Nationale Kontaktstelle f\u00fcr EU-Forschungsprogramme und Europ\u00e4isches Institut f\u00fcr Innovation und Technologie (EIT) in Budapest laden zu \u201eEIT Awareness Day\u201d ein, der am 25. September in Warschau stattfinden wird. W\u00e4hrend der Konferenz wird man die aktuellen Aktivit\u00e4ten des Europ\u00e4ischen Instituts f\u00fcr Innovation und Technologie in Polen und in Europa darstellen. Man wird auch die M\u00f6glichkeiten [&hellip;]<\/p>\n","protected":false},"author":9,"featured_media":0,"comment_status":"closed","ping_status":"closed","sticky":false,"template":"","format":"standard","meta":[],"categories":[58,62,65],"tags":[],"_links":{"self":[{"href":"https:\/\/www.polishscience.pl\/de\/wp-json\/wp\/v2\/posts\/36385"}],"collection":[{"href":"https:\/\/www.polishscience.pl\/de\/wp-json\/wp\/v2\/posts"}],"about":[{"href":"https:\/\/www.polishscience.pl\/de\/wp-json\/wp\/v2\/types\/post"}],"author":[{"embeddable":true,"href":"https:\/\/www.polishscience.pl\/de\/wp-json\/wp\/v2\/users\/9"}],"replies":[{"embeddable":true,"href":"https:\/\/www.polishscience.pl\/de\/wp-json\/wp\/v2\/comments?post=36385"}],"version-history":[{"count":0,"href":"https:\/\/www.polishscience.pl\/de\/wp-json\/wp\/v2\/posts\/36385\/revisions"}],"wp:attachment":[{"href":"https:\/\/www.polishscience.pl\/de\/wp-json\/wp\/v2\/media?parent=36385"}],"wp:term":[{"taxonomy":"category","embeddable":true,"href":"https:\/\/www.polishscience.pl\/de\/wp-json\/wp\/v2\/categories?post=36385"},{"taxonomy":"post_tag","embeddable":true,"href":"https:\/\/www.polishscience.pl\/de\/wp-json\/wp\/v2\/tags?post=36385"}],"curies":[{"name":"wp","href":"https:\/\/api.w.org\/{rel}","templated":true}]}}