{"id":36227,"date":"2018-09-07T09:36:30","date_gmt":"2018-09-07T07:36:30","guid":{"rendered":"http:\/\/polishscience.pl\/?p=36227"},"modified":"2018-09-07T17:37:59","modified_gmt":"2018-09-07T15:37:59","slug":"konferenz-europhras-an-der-universitaet-bialystok","status":"publish","type":"post","link":"https:\/\/www.polishscience.pl\/de\/konferenz-europhras-an-der-universitaet-bialystok\/","title":{"rendered":"Konferenz EUROPHRAS an der Universit\u00e4t Bia\u0142ystok"},"content":{"rendered":"<p><strong>An der Universit\u00e4t Bia\u0142ystok wird vom 10. bis zum 12. September 2018 die weltweit gr\u00f6\u00dfte phraseologische <\/strong><strong>Konferenz EUROPHRAS stattfinden. An der Konferenz werden fast 200 ForscherInnen aus der ganzen Welt teilnehmen.<\/strong><\/p>\n<p>Katarzyna Dziedzik, Pressesprecherin der Universit\u00e4t Bia\u0142ystok informiert, dass an der Konferenz WissenschaftlerInnen aus 37 L\u00e4ndern, u.a. aus Australien, Neu Seeland, Japan, China, S\u00fcdafrika, der Schweiz, Griechenland, Georgien, Kroatien, Belgien, Frankreich, Spanien, Italien, Finnland, Deutschland und Russland teilnehmen werden.<\/p>\n<p>Die Veranstaltung wird den festen Wortverbindungen, vor allem den Phraseologismen, Sprichw\u00f6rtern und gefl\u00fcgelten W\u00f6rtern gewidmet sein. Sie werden in unterschiedlichen Aspekten, zum Beispiel im vergleichenden, translatorischen, lexikographischen und didaktischen Aspekt dargestellt. Man wird auch theoretische Aspekte der Phraseologie sowie praktische Anwendung der festen Wortverbindungen, zum Beispiel in der Werbung, besprechen.<\/p>\n<p>Mehr:<\/p>\n<p><a href=\"http:\/\/infofil.uwb.edu.pl\/program.html\">http:\/\/infofil.uwb.edu.pl\/program.html<\/a><\/p>\n","protected":false},"excerpt":{"rendered":"<p>An der Universit\u00e4t Bia\u0142ystok wird vom 10. bis zum 12. September 2018 die weltweit gr\u00f6\u00dfte phraseologische Konferenz EUROPHRAS stattfinden. An der Konferenz werden fast 200 ForscherInnen aus der ganzen Welt teilnehmen. Katarzyna Dziedzik, Pressesprecherin der Universit\u00e4t Bia\u0142ystok informiert, dass an der Konferenz WissenschaftlerInnen aus 37 L\u00e4ndern, u.a. aus Australien, Neu Seeland, Japan, China, S\u00fcdafrika, der [&hellip;]<\/p>\n","protected":false},"author":9,"featured_media":0,"comment_status":"closed","ping_status":"closed","sticky":false,"template":"","format":"standard","meta":[],"categories":[59,65],"tags":[],"_links":{"self":[{"href":"https:\/\/www.polishscience.pl\/de\/wp-json\/wp\/v2\/posts\/36227"}],"collection":[{"href":"https:\/\/www.polishscience.pl\/de\/wp-json\/wp\/v2\/posts"}],"about":[{"href":"https:\/\/www.polishscience.pl\/de\/wp-json\/wp\/v2\/types\/post"}],"author":[{"embeddable":true,"href":"https:\/\/www.polishscience.pl\/de\/wp-json\/wp\/v2\/users\/9"}],"replies":[{"embeddable":true,"href":"https:\/\/www.polishscience.pl\/de\/wp-json\/wp\/v2\/comments?post=36227"}],"version-history":[{"count":0,"href":"https:\/\/www.polishscience.pl\/de\/wp-json\/wp\/v2\/posts\/36227\/revisions"}],"wp:attachment":[{"href":"https:\/\/www.polishscience.pl\/de\/wp-json\/wp\/v2\/media?parent=36227"}],"wp:term":[{"taxonomy":"category","embeddable":true,"href":"https:\/\/www.polishscience.pl\/de\/wp-json\/wp\/v2\/categories?post=36227"},{"taxonomy":"post_tag","embeddable":true,"href":"https:\/\/www.polishscience.pl\/de\/wp-json\/wp\/v2\/tags?post=36227"}],"curies":[{"name":"wp","href":"https:\/\/api.w.org\/{rel}","templated":true}]}}