{"id":35976,"date":"2018-09-06T14:44:48","date_gmt":"2018-09-06T12:44:48","guid":{"rendered":"http:\/\/polishscience.pl\/?p=35976"},"modified":"2018-09-06T14:02:27","modified_gmt":"2018-09-06T12:02:27","slug":"kardinal-stefan-wyszynski-universitaet-und-institut-fuer-strassenverkehr-arbeiten-am-projekt-der-autovermietung-fuer-behinderte","status":"publish","type":"post","link":"https:\/\/www.polishscience.pl\/de\/kardinal-stefan-wyszynski-universitaet-und-institut-fuer-strassenverkehr-arbeiten-am-projekt-der-autovermietung-fuer-behinderte\/","title":{"rendered":"Kardinal-Stefan-Wyszy\u0144ski-Universit\u00e4t und Institut f\u00fcr Stra\u00dfenverkehr arbeiten am Projekt der Autovermietung f\u00fcr Behinderte"},"content":{"rendered":"<p><strong>Priester Prof. Stanis\u0142aw Dzieko\u0144ski, Rektor der Kardinal-Stefan-Wyszy\u0144ski-Universit\u00e4t Warschau und Prof. Marcin \u015al\u0119zak, Direktor des Instituts f\u00fcr Stra\u00dfenverkehr haben eine Vereinbarung unterzeichnet, deren Ziel das Treffen der Ma\u00dfnahmen \u201eim Bereich der Gr\u00fcndung einer Autovermietung f\u00fcr behinderte Personen, die vorl\u00e4ufig Mobi-ON genannt wird\u201c ist. <\/strong><\/p>\n<p>Die Car-Sharing-Plattform f\u00fcr behinderte Personen wird in der Kooperation mit der Kardinal-Stefan-Wyszy\u0144ski-Universit\u00e4t Warschau entwickelt. Die Erfahrungen der Universit\u00e4t wird man bei der Entwicklung und Durchf\u00fchrung des Konzeptes im IT-Bereich sowie des Untersystems f\u00fcr Datenanalyse und Unterst\u00fctzung der Entscheidungsfindung \u00a0nutzen \u2013 informiert Miko\u0142aj Krupi\u0144ski, Pressesprecher des Instituts f\u00fcr Stra\u00dfenverkehr.<\/p>\n<p>Die Plattform wird Pilottransportdienstleistungen in Warschau leisten. In der ersten Reihe wird man zehn Fahrzeuge des Instituts f\u00fcr Stra\u00dfenverkehr, die an die Bed\u00fcrfnisse der Personen mit verschiedenen Arten der Behinderung angepasst sind, benutzen.<\/p>\n","protected":false},"excerpt":{"rendered":"<p>Priester Prof. Stanis\u0142aw Dzieko\u0144ski, Rektor der Kardinal-Stefan-Wyszy\u0144ski-Universit\u00e4t Warschau und Prof. Marcin \u015al\u0119zak, Direktor des Instituts f\u00fcr Stra\u00dfenverkehr haben eine Vereinbarung unterzeichnet, deren Ziel das Treffen der Ma\u00dfnahmen \u201eim Bereich der Gr\u00fcndung einer Autovermietung f\u00fcr behinderte Personen, die vorl\u00e4ufig Mobi-ON genannt wird\u201c ist. Die Car-Sharing-Plattform f\u00fcr behinderte Personen wird in der Kooperation mit der Kardinal-Stefan-Wyszy\u0144ski-Universit\u00e4t Warschau [&hellip;]<\/p>\n","protected":false},"author":9,"featured_media":0,"comment_status":"closed","ping_status":"closed","sticky":false,"template":"","format":"standard","meta":[],"categories":[65],"tags":[],"_links":{"self":[{"href":"https:\/\/www.polishscience.pl\/de\/wp-json\/wp\/v2\/posts\/35976"}],"collection":[{"href":"https:\/\/www.polishscience.pl\/de\/wp-json\/wp\/v2\/posts"}],"about":[{"href":"https:\/\/www.polishscience.pl\/de\/wp-json\/wp\/v2\/types\/post"}],"author":[{"embeddable":true,"href":"https:\/\/www.polishscience.pl\/de\/wp-json\/wp\/v2\/users\/9"}],"replies":[{"embeddable":true,"href":"https:\/\/www.polishscience.pl\/de\/wp-json\/wp\/v2\/comments?post=35976"}],"version-history":[{"count":0,"href":"https:\/\/www.polishscience.pl\/de\/wp-json\/wp\/v2\/posts\/35976\/revisions"}],"wp:attachment":[{"href":"https:\/\/www.polishscience.pl\/de\/wp-json\/wp\/v2\/media?parent=35976"}],"wp:term":[{"taxonomy":"category","embeddable":true,"href":"https:\/\/www.polishscience.pl\/de\/wp-json\/wp\/v2\/categories?post=35976"},{"taxonomy":"post_tag","embeddable":true,"href":"https:\/\/www.polishscience.pl\/de\/wp-json\/wp\/v2\/tags?post=35976"}],"curies":[{"name":"wp","href":"https:\/\/api.w.org\/{rel}","templated":true}]}}