{"id":35757,"date":"2018-09-05T17:56:35","date_gmt":"2018-09-05T15:56:35","guid":{"rendered":"http:\/\/polishscience.pl\/?p=35757"},"modified":"2018-09-06T13:57:14","modified_gmt":"2018-09-06T11:57:14","slug":"schlesische-universitaet-laedt-zu-der-regionalversammlung-der-geographen-ein","status":"publish","type":"post","link":"https:\/\/www.polishscience.pl\/de\/schlesische-universitaet-laedt-zu-der-regionalversammlung-der-geographen-ein\/","title":{"rendered":"Schlesische Universit\u00e4t l\u00e4dt zu der Regionalversammlung der Geographen ein"},"content":{"rendered":"<p><strong>Die Fakult\u00e4t f\u00fcr Geowissenschaften der Schlesischen Universit\u00e4t l\u00e4dt vom 28. bis zum 30. September zu der Regionalversammlung der Geographen, deren Motto \u201eGeographie angesichts der regionalen und globalen Herausforderungen\u201c lauten wird, ein.<\/strong><\/p>\n<p>Im Programm sind Plenar- und popul\u00e4rwissenschaftliche Sitzungen, Podiumsdiskussionen, der Fotowettbewerb, sowie Ausfl\u00fcge rund um sie Region und Berichte aus den Reisen, die von Geographen organisiert werden. Die Veranstaltung wird aus dem Anlass des 100. Jahrestages der Polnischen Geographischen Gesellschaft, des 70. Jahrestages der Niederlassung der Gesellschaft in Katowice sowie des 45. Jahrestages der Entstehung des Studiengangs Geographie an der Schlesischen Universit\u00e4t organisiert. Das Treffen ist auch ein Teil der Feierlichkeiten anl\u00e4sslich des 50. Jahrestages der Schlesischen Universit\u00e4t sowie des Jahres der polnischen Geographie.<\/p>\n<p>Die Anmeldung der Teilnahme an der Versammlung soll man bis zum 10. September an die E-Mail-Adresse <a href=\"mailto:ptg@wnoz.us.edu.pl\">ptg@wnoz.us.edu.pl<\/a> oder mit traditioneller Post: Wydzia\u0142 Nauk o Ziemi U\u015a, ul. B\u0119dzi\u0144ska 60 41-205 Sosnowiec mit dem Vermerk: Regionalversammlung der Geographen zuschicken.<\/p>\n<p>Einzelinformationen auf der Internetseite: <u><a href=\"http:\/\/www.rzg2018.us.edu.pl\">www.rzg2018.us.edu.pl<\/a><\/u><\/p>\n","protected":false},"excerpt":{"rendered":"<p>Die Fakult\u00e4t f\u00fcr Geowissenschaften der Schlesischen Universit\u00e4t l\u00e4dt vom 28. bis zum 30. September zu der Regionalversammlung der Geographen, deren Motto \u201eGeographie angesichts der regionalen und globalen Herausforderungen\u201c lauten wird, ein. Im Programm sind Plenar- und popul\u00e4rwissenschaftliche Sitzungen, Podiumsdiskussionen, der Fotowettbewerb, sowie Ausfl\u00fcge rund um sie Region und Berichte aus den Reisen, die von Geographen [&hellip;]<\/p>\n","protected":false},"author":9,"featured_media":0,"comment_status":"closed","ping_status":"closed","sticky":false,"template":"","format":"standard","meta":[],"categories":[65],"tags":[],"_links":{"self":[{"href":"https:\/\/www.polishscience.pl\/de\/wp-json\/wp\/v2\/posts\/35757"}],"collection":[{"href":"https:\/\/www.polishscience.pl\/de\/wp-json\/wp\/v2\/posts"}],"about":[{"href":"https:\/\/www.polishscience.pl\/de\/wp-json\/wp\/v2\/types\/post"}],"author":[{"embeddable":true,"href":"https:\/\/www.polishscience.pl\/de\/wp-json\/wp\/v2\/users\/9"}],"replies":[{"embeddable":true,"href":"https:\/\/www.polishscience.pl\/de\/wp-json\/wp\/v2\/comments?post=35757"}],"version-history":[{"count":0,"href":"https:\/\/www.polishscience.pl\/de\/wp-json\/wp\/v2\/posts\/35757\/revisions"}],"wp:attachment":[{"href":"https:\/\/www.polishscience.pl\/de\/wp-json\/wp\/v2\/media?parent=35757"}],"wp:term":[{"taxonomy":"category","embeddable":true,"href":"https:\/\/www.polishscience.pl\/de\/wp-json\/wp\/v2\/categories?post=35757"},{"taxonomy":"post_tag","embeddable":true,"href":"https:\/\/www.polishscience.pl\/de\/wp-json\/wp\/v2\/tags?post=35757"}],"curies":[{"name":"wp","href":"https:\/\/api.w.org\/{rel}","templated":true}]}}