{"id":35749,"date":"2018-09-05T14:00:27","date_gmt":"2018-09-05T12:00:27","guid":{"rendered":"http:\/\/polishscience.pl\/?p=35749"},"modified":"2018-09-06T13:58:04","modified_gmt":"2018-09-06T11:58:04","slug":"konferenz-oekologie-soziale-solidaritaet-nachhaltige-entwicklung","status":"publish","type":"post","link":"https:\/\/www.polishscience.pl\/de\/konferenz-oekologie-soziale-solidaritaet-nachhaltige-entwicklung\/","title":{"rendered":"Konferenz \u201e\u00d6kologie \u2013 soziale Solidarit\u00e4t \u2013 nachhaltige Entwicklung\u201c"},"content":{"rendered":"<p><strong>\u00d6kologie, soziale Solidarit\u00e4t und nachhaltige Entwicklung werden Gegenstand der Diskussion w\u00e4hrend der Konferenz, die am 24. September 2018 an der Universit\u00e4t Ermland-Masuren in Olsztyn stattfinden wird, sein. <\/strong><\/p>\n<p>Das wird eine weitere Veranstaltung im Rahmen der Reihe \u201ePolonia Restituta. Dekalog f\u00fcr Polen zum 100. Jahrestag seiner Unabh\u00e4ngigkeit\u201c sein. Das ganze Projekt wird vom Ministerium f\u00fcr Wissenschaft und Hochschulbildung sowie dem Rat f\u00fcr soziale Angelegenheiten der Polnischen Bischofskonferenz umgesetzt.<\/p>\n<p>Die Konferenz \u201e\u00d6kologie \u2013 soziale Solidarit\u00e4t \u2013 nachhaltige Entwicklung\u201c soll auf den Bedarf am integralen Verst\u00e4ndnis der \u00d6kologie und an der Entwicklung solchen Denkens und solcher Empfindlichkeit in der polnischen Gesellschaft aufmerksam machen.<\/p>\n<p>Das Projekt \u201ePolonia Restituta. Dekalog f\u00fcr Polen zum 100. Jahrestag seiner Unabh\u00e4ngigkeit\u201c besteht aus einer Reihe von 10 gesamtpolnischen wissenschaftlichen Themenkonferenzen, die in den wichtigsten akademischen Zentren in Polen organisiert werden und die Themen aus dem Bereich des breit verstandenen \u00f6ffentlichen, wirtschaftlichen, politischen, sozialen und kulturellen Lebens ansprechen.<\/p>\n","protected":false},"excerpt":{"rendered":"<p>\u00d6kologie, soziale Solidarit\u00e4t und nachhaltige Entwicklung werden Gegenstand der Diskussion w\u00e4hrend der Konferenz, die am 24. September 2018 an der Universit\u00e4t Ermland-Masuren in Olsztyn stattfinden wird, sein. Das wird eine weitere Veranstaltung im Rahmen der Reihe \u201ePolonia Restituta. Dekalog f\u00fcr Polen zum 100. Jahrestag seiner Unabh\u00e4ngigkeit\u201c sein. Das ganze Projekt wird vom Ministerium f\u00fcr Wissenschaft [&hellip;]<\/p>\n","protected":false},"author":9,"featured_media":0,"comment_status":"closed","ping_status":"closed","sticky":false,"template":"","format":"standard","meta":[],"categories":[65],"tags":[],"_links":{"self":[{"href":"https:\/\/www.polishscience.pl\/de\/wp-json\/wp\/v2\/posts\/35749"}],"collection":[{"href":"https:\/\/www.polishscience.pl\/de\/wp-json\/wp\/v2\/posts"}],"about":[{"href":"https:\/\/www.polishscience.pl\/de\/wp-json\/wp\/v2\/types\/post"}],"author":[{"embeddable":true,"href":"https:\/\/www.polishscience.pl\/de\/wp-json\/wp\/v2\/users\/9"}],"replies":[{"embeddable":true,"href":"https:\/\/www.polishscience.pl\/de\/wp-json\/wp\/v2\/comments?post=35749"}],"version-history":[{"count":0,"href":"https:\/\/www.polishscience.pl\/de\/wp-json\/wp\/v2\/posts\/35749\/revisions"}],"wp:attachment":[{"href":"https:\/\/www.polishscience.pl\/de\/wp-json\/wp\/v2\/media?parent=35749"}],"wp:term":[{"taxonomy":"category","embeddable":true,"href":"https:\/\/www.polishscience.pl\/de\/wp-json\/wp\/v2\/categories?post=35749"},{"taxonomy":"post_tag","embeddable":true,"href":"https:\/\/www.polishscience.pl\/de\/wp-json\/wp\/v2\/tags?post=35749"}],"curies":[{"name":"wp","href":"https:\/\/api.w.org\/{rel}","templated":true}]}}