{"id":35292,"date":"2018-09-03T15:41:59","date_gmt":"2018-09-03T13:41:59","guid":{"rendered":"http:\/\/polishscience.pl\/?p=35292"},"modified":"2018-09-03T16:43:08","modified_gmt":"2018-09-03T14:43:08","slug":"fakultaet-fuer-recht-und-verwaltung-der-universitaet-zielona-gora-wird-schirmherr-der-lyzeum-klasse-aus-szprotawa-sein","status":"publish","type":"post","link":"https:\/\/www.polishscience.pl\/de\/fakultaet-fuer-recht-und-verwaltung-der-universitaet-zielona-gora-wird-schirmherr-der-lyzeum-klasse-aus-szprotawa-sein\/","title":{"rendered":"Fakult\u00e4t f\u00fcr Recht und Verwaltung der Universit\u00e4t Zielona G\u00f3ra wird Schirmherr der Lyzeum-Klasse aus Szprotawa sein"},"content":{"rendered":"<p><strong>Die Fakult\u00e4t f\u00fcr Recht und Verwaltung der Universit\u00e4t Zielona G\u00f3ra hat die akademische Schirmherrschaft \u00fcber eine der Klassen des Allgemeinbildenden Lyzeums in Szprotawa \u00fcbernommen. Das Ziel der Zusammenarbeit ist es, den Sch\u00fclern die Vertiefung ihrer Interessen im Bereich der Rechtswissenschaften zu erm\u00f6glichen sowie das Lehr- und Unterrichtsangebot der Fakult\u00e4t f\u00fcr Recht und Verwaltung zu f\u00f6rdern. <\/strong><\/p>\n<p>Gem\u00e4\u00df der geschlossenen Vereinbarung werden die Sch\u00fcler dieser Klasse das Lehrangebot der Universit\u00e4t in Anspruch nehmen k\u00f6nnen. Die Fakult\u00e4t hat sich auch dazu verpflichtet, den Sch\u00fclern die Teilnahme an Vorlesungen, Seminaren und Workshops, die f\u00fcr Studenten des Studiengangs Recht und Verwaltung bestimmt sind, zu erm\u00f6glichen. Im Rahmen der Vereinbarung werden sie auch an Forschungsarbeiten, die an der Fakult\u00e4t durchgef\u00fchrt werden, teilnehmen k\u00f6nnen.<\/p>\n","protected":false},"excerpt":{"rendered":"<p>Die Fakult\u00e4t f\u00fcr Recht und Verwaltung der Universit\u00e4t Zielona G\u00f3ra hat die akademische Schirmherrschaft \u00fcber eine der Klassen des Allgemeinbildenden Lyzeums in Szprotawa \u00fcbernommen. Das Ziel der Zusammenarbeit ist es, den Sch\u00fclern die Vertiefung ihrer Interessen im Bereich der Rechtswissenschaften zu erm\u00f6glichen sowie das Lehr- und Unterrichtsangebot der Fakult\u00e4t f\u00fcr Recht und Verwaltung zu f\u00f6rdern. [&hellip;]<\/p>\n","protected":false},"author":9,"featured_media":0,"comment_status":"closed","ping_status":"closed","sticky":false,"template":"","format":"standard","meta":[],"categories":[59],"tags":[],"_links":{"self":[{"href":"https:\/\/www.polishscience.pl\/de\/wp-json\/wp\/v2\/posts\/35292"}],"collection":[{"href":"https:\/\/www.polishscience.pl\/de\/wp-json\/wp\/v2\/posts"}],"about":[{"href":"https:\/\/www.polishscience.pl\/de\/wp-json\/wp\/v2\/types\/post"}],"author":[{"embeddable":true,"href":"https:\/\/www.polishscience.pl\/de\/wp-json\/wp\/v2\/users\/9"}],"replies":[{"embeddable":true,"href":"https:\/\/www.polishscience.pl\/de\/wp-json\/wp\/v2\/comments?post=35292"}],"version-history":[{"count":0,"href":"https:\/\/www.polishscience.pl\/de\/wp-json\/wp\/v2\/posts\/35292\/revisions"}],"wp:attachment":[{"href":"https:\/\/www.polishscience.pl\/de\/wp-json\/wp\/v2\/media?parent=35292"}],"wp:term":[{"taxonomy":"category","embeddable":true,"href":"https:\/\/www.polishscience.pl\/de\/wp-json\/wp\/v2\/categories?post=35292"},{"taxonomy":"post_tag","embeddable":true,"href":"https:\/\/www.polishscience.pl\/de\/wp-json\/wp\/v2\/tags?post=35292"}],"curies":[{"name":"wp","href":"https:\/\/api.w.org\/{rel}","templated":true}]}}