{"id":35288,"date":"2018-09-03T14:42:04","date_gmt":"2018-09-03T12:42:04","guid":{"rendered":"http:\/\/polishscience.pl\/?p=35288"},"modified":"2018-09-03T16:43:22","modified_gmt":"2018-09-03T14:43:22","slug":"studenten-der-architektur-von-der-schlesischen-technischen-universitaet-haben-den-wettbewerb-valenciacall-dominiert","status":"publish","type":"post","link":"https:\/\/www.polishscience.pl\/de\/studenten-der-architektur-von-der-schlesischen-technischen-universitaet-haben-den-wettbewerb-valenciacall-dominiert\/","title":{"rendered":"Studenten der Architektur von der Schlesischen Technischen Universit\u00e4t haben den Wettbewerb #ValenciaCall dominiert"},"content":{"rendered":"<p><strong>Die Studenten der Fakult\u00e4t f\u00fcr Architektur von der Schlesischen Technischen Universit\u00e4t haben den ersten und zweiten Platz im internationalen Architektenwettbewerb <\/strong><strong>#ValenciaCall, dessen Ziel die Gestaltung von Sozialwohnungen in der spanischen Valenz war, besetzt. <\/strong><\/p>\n<p>Die Teilnehmer des Wettbewerbs mussten das historische Zentrum der Stadt und die sich dort befindenden historischen Geb\u00e4uden, sowie Bed\u00fcrfnisse der lokalen Gemeinschaft, lokale Kultur und Tradition, Trends in Sozialwohnungen und die Bestimmung des Geb\u00e4udes ber\u00fccksichtigen.<\/p>\n<p>Unter mehr als einhundert Arbeiten aus der ganzen Welt hat die Wettbewerbsjury als den besten Entwurf Casa Espa\u00f1ola \u2013 eine Arbeit von Pawe\u0142 Pacak und Katarzyna Poni\u0144ska von der Fakult\u00e4t f\u00fcr Architektur der Schlesischen Technischen Universit\u00e4t anerkannt. Casa Espa\u00f1ola ist ein Projekt, das das Klima der spanischen Stadt und den Lebensstil ihrer Bewohner ber\u00fccksichtigt.<\/p>\n<p>Den zweiten Platz hat das Projekt von Marta B\u0142aszczyk, Anna Czapla, Filip Gawin, Kacper Kania und Marlena Michalska besetzt. Das Projekt El Espacio basiert auf drei wichtigen S\u00e4ulen: der Diversit\u00e4t, der Privatsph\u00e4re und der Offenheit.<\/p>\n<p>Mehr:<\/p>\n<p><u><a href=\"https:\/\/www.polsl.pl\/Lists\/AktualnosciUczelniane\/PokazWiadomosc.aspx?WebPartTitle=ListaWiadomosci&amp;Page=1&amp;WebPartTitle2=Wiadomosc&amp;Filter1Field2=Identyfikator&amp;Filter1Value2=2361\">https:\/\/www.polsl.pl\/Lists\/AktualnosciUczelniane\/PokazWiadomosc.aspx?WebPartTitle=ListaWiadomosci&amp;Page=1&amp;WebPartTitle2=Wiadomosc&amp;Filter1Field2=Identyfikator&amp;Filter1Value2=2361<\/a><\/u><\/p>\n","protected":false},"excerpt":{"rendered":"<p>Die Studenten der Fakult\u00e4t f\u00fcr Architektur von der Schlesischen Technischen Universit\u00e4t haben den ersten und zweiten Platz im internationalen Architektenwettbewerb #ValenciaCall, dessen Ziel die Gestaltung von Sozialwohnungen in der spanischen Valenz war, besetzt. Die Teilnehmer des Wettbewerbs mussten das historische Zentrum der Stadt und die sich dort befindenden historischen Geb\u00e4uden, sowie Bed\u00fcrfnisse der lokalen Gemeinschaft, [&hellip;]<\/p>\n","protected":false},"author":9,"featured_media":0,"comment_status":"closed","ping_status":"closed","sticky":false,"template":"","format":"standard","meta":[],"categories":[59,58,65],"tags":[],"_links":{"self":[{"href":"https:\/\/www.polishscience.pl\/de\/wp-json\/wp\/v2\/posts\/35288"}],"collection":[{"href":"https:\/\/www.polishscience.pl\/de\/wp-json\/wp\/v2\/posts"}],"about":[{"href":"https:\/\/www.polishscience.pl\/de\/wp-json\/wp\/v2\/types\/post"}],"author":[{"embeddable":true,"href":"https:\/\/www.polishscience.pl\/de\/wp-json\/wp\/v2\/users\/9"}],"replies":[{"embeddable":true,"href":"https:\/\/www.polishscience.pl\/de\/wp-json\/wp\/v2\/comments?post=35288"}],"version-history":[{"count":0,"href":"https:\/\/www.polishscience.pl\/de\/wp-json\/wp\/v2\/posts\/35288\/revisions"}],"wp:attachment":[{"href":"https:\/\/www.polishscience.pl\/de\/wp-json\/wp\/v2\/media?parent=35288"}],"wp:term":[{"taxonomy":"category","embeddable":true,"href":"https:\/\/www.polishscience.pl\/de\/wp-json\/wp\/v2\/categories?post=35288"},{"taxonomy":"post_tag","embeddable":true,"href":"https:\/\/www.polishscience.pl\/de\/wp-json\/wp\/v2\/tags?post=35288"}],"curies":[{"name":"wp","href":"https:\/\/api.w.org\/{rel}","templated":true}]}}