{"id":34823,"date":"2018-08-30T16:23:31","date_gmt":"2018-08-30T14:23:31","guid":{"rendered":"http:\/\/polishscience.pl\/?p=34823"},"modified":"2018-08-30T16:23:31","modified_gmt":"2018-08-30T14:23:31","slug":"2-europaeische-innovationswoche","status":"publish","type":"post","link":"https:\/\/www.polishscience.pl\/de\/2-europaeische-innovationswoche\/","title":{"rendered":"2. Europ\u00e4ische Innovationswoche"},"content":{"rendered":"<p><strong>Vom 17. bis zum 21. September wird in Lublin die zweite Europ\u00e4ische Innovationswoche stattfinden. An 28 thematischen Sitzungen werden \u00fcber 1300 Teilnehmer sich beteiligen. Ihre Vortr\u00e4ge werden dagegen mehr als 80 Referenten halten. Das Ziel der Veranstaltung ist die Verbindung von wissenschaftlichen und wirtschaftlichen Erfahrungen und Leistungen.<\/strong><\/p>\n<p>Die Veranstaltung wird mit dem Tag der offenen T\u00fcr in Laboren der Universit\u00e4ten von Lublin beginnen. Am folgenden Tag wird das Forum f\u00fcr Junge Wissenschaftler, die Start-up-B\u00f6rse sowie die Debatte der Partnerst\u00e4dte und -regionen der Woiwodschaft Lublin stattfinden.<\/p>\n<p>Im Rahmen der Europ\u00e4ischen Innovationswoche wird auch die Gala der Innovationen stattfinden. Die Experten aus der ganzen Welt werden im Rahmen der folgenden thematischen Sitzungen \u00fcber Intelligente Spezialisierungen der Region Lublin diskuttieren: Biowirtschaft, Medizin, kohlendioxidarme Energetik und Informationswissenschaft. Im Programm der Veranstaltung sind auch Podiumsdiskussionen sowie Workshops \u00fcber Bioinnovationen, die Wirtschaft 4.0 sowie Medizin 2.0.<\/p>\n<p>Mehr:<\/p>\n<p><a href=\"https:\/\/etilubelskie.pl\/\">https:\/\/etilubelskie.pl\/<\/a><\/p>\n","protected":false},"excerpt":{"rendered":"<p>Vom 17. bis zum 21. September wird in Lublin die zweite Europ\u00e4ische Innovationswoche stattfinden. An 28 thematischen Sitzungen werden \u00fcber 1300 Teilnehmer sich beteiligen. Ihre Vortr\u00e4ge werden dagegen mehr als 80 Referenten halten. Das Ziel der Veranstaltung ist die Verbindung von wissenschaftlichen und wirtschaftlichen Erfahrungen und Leistungen. Die Veranstaltung wird mit dem Tag der offenen [&hellip;]<\/p>\n","protected":false},"author":9,"featured_media":0,"comment_status":"closed","ping_status":"closed","sticky":false,"template":"","format":"standard","meta":[],"categories":[62,65],"tags":[],"_links":{"self":[{"href":"https:\/\/www.polishscience.pl\/de\/wp-json\/wp\/v2\/posts\/34823"}],"collection":[{"href":"https:\/\/www.polishscience.pl\/de\/wp-json\/wp\/v2\/posts"}],"about":[{"href":"https:\/\/www.polishscience.pl\/de\/wp-json\/wp\/v2\/types\/post"}],"author":[{"embeddable":true,"href":"https:\/\/www.polishscience.pl\/de\/wp-json\/wp\/v2\/users\/9"}],"replies":[{"embeddable":true,"href":"https:\/\/www.polishscience.pl\/de\/wp-json\/wp\/v2\/comments?post=34823"}],"version-history":[{"count":0,"href":"https:\/\/www.polishscience.pl\/de\/wp-json\/wp\/v2\/posts\/34823\/revisions"}],"wp:attachment":[{"href":"https:\/\/www.polishscience.pl\/de\/wp-json\/wp\/v2\/media?parent=34823"}],"wp:term":[{"taxonomy":"category","embeddable":true,"href":"https:\/\/www.polishscience.pl\/de\/wp-json\/wp\/v2\/categories?post=34823"},{"taxonomy":"post_tag","embeddable":true,"href":"https:\/\/www.polishscience.pl\/de\/wp-json\/wp\/v2\/tags?post=34823"}],"curies":[{"name":"wp","href":"https:\/\/api.w.org\/{rel}","templated":true}]}}