{"id":34587,"date":"2018-08-29T15:50:22","date_gmt":"2018-08-29T13:50:22","guid":{"rendered":"http:\/\/polishscience.pl\/?p=34587"},"modified":"2018-08-29T14:51:45","modified_gmt":"2018-08-29T12:51:45","slug":"konferenz-kosmische-laufbahnen-wir-bilden-das-personal-fuer-die-weltraumtechnologiebranche-aus","status":"publish","type":"post","link":"https:\/\/www.polishscience.pl\/de\/konferenz-kosmische-laufbahnen-wir-bilden-das-personal-fuer-die-weltraumtechnologiebranche-aus\/","title":{"rendered":"Konferenz \u201eKosmische Laufbahnen. Wir bilden das Personal f\u00fcr die Weltraumtechnologiebranche aus\u201c"},"content":{"rendered":"<p><strong>Am 30. August 2018 wird in Warschau die Konferenz \u201eKosmische Laufbahnen. Wir bilden das Personal f\u00fcr die Weltraumtechnologiebranche aus\u201c stattfinden. W\u00e4hrend der Veranstaltung werden die Vertreter der Agentur f\u00fcr industrielle Entwicklung das Angebot der polnischen und ausl\u00e4ndischen Institutionen, die Programme durchf\u00fchren, die die Entwicklung von den f\u00fcr die Arbeit in der Weltraumbranche erforderlichen Kompetenzen unterst\u00fctzten, pr\u00e4sentieren. <\/strong><\/p>\n<p>Die Konferenz ist an Studenten, Mitglieder der Studentenkreise, Praktikanten, junge wissenschaftliche und didaktische Mitarbeiter an der Hochschulen sowie Vertreter der Firmen aus der Weltraumbranche gerichtet.<\/p>\n<p>An der Veranstaltung werden u.a. die Ministerin f\u00fcr Unternehmertum und Technologie Jadwiga Emilewicz und stellvertretender Minister f\u00fcr Wissenschaft und Hochschulbildung Piotr Dardzi\u0144ski teilnehmen.<\/p>\n<p>Anmeldung f\u00fcr die Konferenz: <a href=\"https:\/\/docs.google.com\/forms\/d\/e\/1FAIpQLSce_O819WGwqxz-sAYZ8QBifxnw8DbukXeTrArpAA1Mc9Wk8Q\/viewform\">https:\/\/docs.google.com\/forms\/d\/e\/1FAIpQLSce_O819WGwqxz-sAYZ8QBifxnw8DbukXeTrArpAA1Mc9Wk8Q\/viewform<\/a><\/p>\n","protected":false},"excerpt":{"rendered":"<p>Am 30. August 2018 wird in Warschau die Konferenz \u201eKosmische Laufbahnen. Wir bilden das Personal f\u00fcr die Weltraumtechnologiebranche aus\u201c stattfinden. W\u00e4hrend der Veranstaltung werden die Vertreter der Agentur f\u00fcr industrielle Entwicklung das Angebot der polnischen und ausl\u00e4ndischen Institutionen, die Programme durchf\u00fchren, die die Entwicklung von den f\u00fcr die Arbeit in der Weltraumbranche erforderlichen Kompetenzen unterst\u00fctzten, [&hellip;]<\/p>\n","protected":false},"author":9,"featured_media":0,"comment_status":"closed","ping_status":"closed","sticky":false,"template":"","format":"standard","meta":[],"categories":[58,65],"tags":[],"_links":{"self":[{"href":"https:\/\/www.polishscience.pl\/de\/wp-json\/wp\/v2\/posts\/34587"}],"collection":[{"href":"https:\/\/www.polishscience.pl\/de\/wp-json\/wp\/v2\/posts"}],"about":[{"href":"https:\/\/www.polishscience.pl\/de\/wp-json\/wp\/v2\/types\/post"}],"author":[{"embeddable":true,"href":"https:\/\/www.polishscience.pl\/de\/wp-json\/wp\/v2\/users\/9"}],"replies":[{"embeddable":true,"href":"https:\/\/www.polishscience.pl\/de\/wp-json\/wp\/v2\/comments?post=34587"}],"version-history":[{"count":0,"href":"https:\/\/www.polishscience.pl\/de\/wp-json\/wp\/v2\/posts\/34587\/revisions"}],"wp:attachment":[{"href":"https:\/\/www.polishscience.pl\/de\/wp-json\/wp\/v2\/media?parent=34587"}],"wp:term":[{"taxonomy":"category","embeddable":true,"href":"https:\/\/www.polishscience.pl\/de\/wp-json\/wp\/v2\/categories?post=34587"},{"taxonomy":"post_tag","embeddable":true,"href":"https:\/\/www.polishscience.pl\/de\/wp-json\/wp\/v2\/tags?post=34587"}],"curies":[{"name":"wp","href":"https:\/\/api.w.org\/{rel}","templated":true}]}}