{"id":34585,"date":"2018-08-29T17:00:23","date_gmt":"2018-08-29T15:00:23","guid":{"rendered":"http:\/\/polishscience.pl\/?p=34585"},"modified":"2018-08-29T14:52:07","modified_gmt":"2018-08-29T12:52:07","slug":"1-kongress-fuer-physiklehrer","status":"publish","type":"post","link":"https:\/\/www.polishscience.pl\/de\/1-kongress-fuer-physiklehrer\/","title":{"rendered":"1. Kongress f\u00fcr Physiklehrer"},"content":{"rendered":"<p><strong>Der erste Kongress f\u00fcr Physiklehrer wird in \u0141\u00f3d\u017a am 14. September 2018 stattfinden. Die Veranstaltung wird von der Fakult\u00e4t f\u00fcr Physik und Angewandte Informatik der Universit\u00e4t \u0141\u00f3d\u017a mitorganisiert. <\/strong><\/p>\n<p>Das Ziel des Kongresses ist die Integration der Wissenschaftler und der Physiklehrer, sowie der Austausch von Erfahrungen und das Treffen von Ma\u00dfnahmen, die die Erh\u00f6hung der Qualit\u00e4t und das Erhalten einer hohen Effizienz vom Physikunterricht auf allen Stufen der Bildung anstreben.<\/p>\n<p>W\u00e4hrend des Kongresses werden seine Teilnehmer die M\u00f6glichkeit haben, Informationen von Vertretern des Bildungsministeriums und des Ministerium f\u00fcr Wissenschaft und Hochschulbildung \u00fcber die schon eingef\u00fchrten und geplanten Ver\u00e4nderungen in der Bildung, darunter diese, die die Bildung, Fortbildung und Laufbahnentwicklung der Physiklehrer betreffen, einzuholen.<\/p>\n","protected":false},"excerpt":{"rendered":"<p>Der erste Kongress f\u00fcr Physiklehrer wird in \u0141\u00f3d\u017a am 14. September 2018 stattfinden. Die Veranstaltung wird von der Fakult\u00e4t f\u00fcr Physik und Angewandte Informatik der Universit\u00e4t \u0141\u00f3d\u017a mitorganisiert. Das Ziel des Kongresses ist die Integration der Wissenschaftler und der Physiklehrer, sowie der Austausch von Erfahrungen und das Treffen von Ma\u00dfnahmen, die die Erh\u00f6hung der Qualit\u00e4t [&hellip;]<\/p>\n","protected":false},"author":9,"featured_media":0,"comment_status":"closed","ping_status":"closed","sticky":false,"template":"","format":"standard","meta":[],"categories":[65],"tags":[],"_links":{"self":[{"href":"https:\/\/www.polishscience.pl\/de\/wp-json\/wp\/v2\/posts\/34585"}],"collection":[{"href":"https:\/\/www.polishscience.pl\/de\/wp-json\/wp\/v2\/posts"}],"about":[{"href":"https:\/\/www.polishscience.pl\/de\/wp-json\/wp\/v2\/types\/post"}],"author":[{"embeddable":true,"href":"https:\/\/www.polishscience.pl\/de\/wp-json\/wp\/v2\/users\/9"}],"replies":[{"embeddable":true,"href":"https:\/\/www.polishscience.pl\/de\/wp-json\/wp\/v2\/comments?post=34585"}],"version-history":[{"count":0,"href":"https:\/\/www.polishscience.pl\/de\/wp-json\/wp\/v2\/posts\/34585\/revisions"}],"wp:attachment":[{"href":"https:\/\/www.polishscience.pl\/de\/wp-json\/wp\/v2\/media?parent=34585"}],"wp:term":[{"taxonomy":"category","embeddable":true,"href":"https:\/\/www.polishscience.pl\/de\/wp-json\/wp\/v2\/categories?post=34585"},{"taxonomy":"post_tag","embeddable":true,"href":"https:\/\/www.polishscience.pl\/de\/wp-json\/wp\/v2\/tags?post=34585"}],"curies":[{"name":"wp","href":"https:\/\/api.w.org\/{rel}","templated":true}]}}