{"id":33922,"date":"2018-08-24T16:09:31","date_gmt":"2018-08-24T14:09:31","guid":{"rendered":"http:\/\/polishscience.pl\/?p=33922"},"modified":"2018-08-24T16:09:31","modified_gmt":"2018-08-24T14:09:31","slug":"internationale-logopaedische-konferenz-stoerungen-der-sprachproduktion-theorie-und-praxis","status":"publish","type":"post","link":"https:\/\/www.polishscience.pl\/de\/internationale-logopaedische-konferenz-stoerungen-der-sprachproduktion-theorie-und-praxis\/","title":{"rendered":"Internationale Logop\u00e4dische Konferenz \u201eSt\u00f6rungen der Sprachproduktion \u2013 Theorie und Praxis\u201c"},"content":{"rendered":"<p><strong>Das Institut f\u00fcr Polnische Sprache und die Fakult\u00e4t f\u00fcr Theologie der Schlesischen Universit\u00e4t sowie die Stiftung f\u00fcr Wissen und sozialen Dialog \u201eAgere Aude\u201c laden zu der 3. internationalen logop\u00e4dischen Konferenz \u201eSt\u00f6rungen der Sprachproduktion \u2013 Theorie und Praxis\u201c ein.<\/strong><\/p>\n<p>Die Konferenz, die am 31. August und 1. September stattfinden wird, ist an breites Publikum gerichtet \u2013 Theoretiker und Praktiker der Logop\u00e4die. Das Ziel dieser Reihe von Konferenzen ist die Verbreitung der Leistungen und der neuesten Forschungsergebnisse im Bereich der St\u00f6rungen der Sprachproduktion \u2013 liest man in der Einladung auf der Intranetseite der Universit\u00e4t.<\/p>\n<p>Im Programm sind Vortr\u00e4ge von Praktikern und Theoretikern, die sich f\u00fcr St\u00f6rungen der Sprachproduktion spezialisieren und nationale sowie ausl\u00e4ndische Wissenschafts- und Forschungseinrichtungen vertreten, vorgesehen. Geplant sind auch Workshops, die von ausgezeichneten Experte durchgef\u00fchrt werden: Dr. Joseph Agius, Dr.\u00a0 Mieczys\u0142aw Ch\u0119ciek, Prof. Kurt Eggers, Benny Ravid, Manon Spruit, Dr.\u00a0 Trudy Stewart, Dr.\u00a0 habil. Katarzyna W\u0119sierska und \u00a0Prof. Tomasz Wo\u017aniak.<\/p>\n<p>Mehr: <u><a href=\"http:\/\/www.konferencja-zpm.edu.pl\">www.konferencja-zpm.edu.pl<\/a><\/u>.<\/p>\n","protected":false},"excerpt":{"rendered":"<p>Das Institut f\u00fcr Polnische Sprache und die Fakult\u00e4t f\u00fcr Theologie der Schlesischen Universit\u00e4t sowie die Stiftung f\u00fcr Wissen und sozialen Dialog \u201eAgere Aude\u201c laden zu der 3. internationalen logop\u00e4dischen Konferenz \u201eSt\u00f6rungen der Sprachproduktion \u2013 Theorie und Praxis\u201c ein. Die Konferenz, die am 31. August und 1. September stattfinden wird, ist an breites Publikum gerichtet \u2013 [&hellip;]<\/p>\n","protected":false},"author":9,"featured_media":0,"comment_status":"closed","ping_status":"closed","sticky":false,"template":"","format":"standard","meta":[],"categories":[65],"tags":[],"_links":{"self":[{"href":"https:\/\/www.polishscience.pl\/de\/wp-json\/wp\/v2\/posts\/33922"}],"collection":[{"href":"https:\/\/www.polishscience.pl\/de\/wp-json\/wp\/v2\/posts"}],"about":[{"href":"https:\/\/www.polishscience.pl\/de\/wp-json\/wp\/v2\/types\/post"}],"author":[{"embeddable":true,"href":"https:\/\/www.polishscience.pl\/de\/wp-json\/wp\/v2\/users\/9"}],"replies":[{"embeddable":true,"href":"https:\/\/www.polishscience.pl\/de\/wp-json\/wp\/v2\/comments?post=33922"}],"version-history":[{"count":0,"href":"https:\/\/www.polishscience.pl\/de\/wp-json\/wp\/v2\/posts\/33922\/revisions"}],"wp:attachment":[{"href":"https:\/\/www.polishscience.pl\/de\/wp-json\/wp\/v2\/media?parent=33922"}],"wp:term":[{"taxonomy":"category","embeddable":true,"href":"https:\/\/www.polishscience.pl\/de\/wp-json\/wp\/v2\/categories?post=33922"},{"taxonomy":"post_tag","embeddable":true,"href":"https:\/\/www.polishscience.pl\/de\/wp-json\/wp\/v2\/tags?post=33922"}],"curies":[{"name":"wp","href":"https:\/\/api.w.org\/{rel}","templated":true}]}}