{"id":30706,"date":"2018-08-06T13:14:24","date_gmt":"2018-08-06T11:14:24","guid":{"rendered":"http:\/\/polishscience.pl\/?p=30706"},"modified":"2018-08-06T09:56:27","modified_gmt":"2018-08-06T07:56:27","slug":"gowin-vielen-dank-fuer-ehrliche-kritiker","status":"publish","type":"post","link":"https:\/\/www.polishscience.pl\/de\/gowin-vielen-dank-fuer-ehrliche-kritiker\/","title":{"rendered":"Gowin: Vielen Dank f\u00fcr ehrliche Kritiker"},"content":{"rendered":"<p><strong>Die Verfassung f\u00fcr Wissenschaft wurde vom Pr\u00e4sidenten unterzeichnet. Vielen Dank f\u00fcr akademische Kreise, die bei diesem Gesetz mit dem Ministerium f\u00fcr Wissenschaft und Hochschulbildung zusammengearbeitet haben. Ich danke f\u00fcr ehrliche Kritiker. Und ich verspreche, das die Einf\u00fchrung dieser gro\u00dfen Reform weiterhin im Dialog mit der akademischen Welt erfolgen wird \u2013 hat auf Twitter der stellvertretende Ministerpr\u00e4sident Gowin, Minister f\u00fcr Wissenschaft und Hochschulbildung geschrieben. <\/strong><\/p>\n<p>Hierzu ist darauf hinzuweisen, dass die Verfassung f\u00fcr Wissenschaft u.a. folgenden Organisationen unterst\u00fctzt haben: der Hauptrat f\u00fcr Wissenschaft und Hochschulbildung, L\u00e4ndliche Vertretung der Doktoranden und Studentenregierung der Republik Polen, Konferenz der Rektoren von \u00d6ffentlichen Berufshochschulen, das Netzwerk f\u00fcr Kleine und Mittlere \u00d6ffentliche Hochschulen, Konferenz der Rektoren der Akademischen Schulen in Polen, Konferenz der Rektoren der Kunsthochschulen, Regionale Konferenz der \u00a0Rektoren der Akademischen Hochschulen, Unabh\u00e4ngiger Studentenverband, Arbeitgeberverband der Nationalen Organisation f\u00fcr Industrie-Innovatoren sowie Verband der Unternehmer und Arbeitgeber.<\/p>\n","protected":false},"excerpt":{"rendered":"<p>Die Verfassung f\u00fcr Wissenschaft wurde vom Pr\u00e4sidenten unterzeichnet. Vielen Dank f\u00fcr akademische Kreise, die bei diesem Gesetz mit dem Ministerium f\u00fcr Wissenschaft und Hochschulbildung zusammengearbeitet haben. Ich danke f\u00fcr ehrliche Kritiker. Und ich verspreche, das die Einf\u00fchrung dieser gro\u00dfen Reform weiterhin im Dialog mit der akademischen Welt erfolgen wird \u2013 hat auf Twitter der stellvertretende [&hellip;]<\/p>\n","protected":false},"author":9,"featured_media":0,"comment_status":"closed","ping_status":"closed","sticky":false,"template":"","format":"standard","meta":[],"categories":[59],"tags":[],"_links":{"self":[{"href":"https:\/\/www.polishscience.pl\/de\/wp-json\/wp\/v2\/posts\/30706"}],"collection":[{"href":"https:\/\/www.polishscience.pl\/de\/wp-json\/wp\/v2\/posts"}],"about":[{"href":"https:\/\/www.polishscience.pl\/de\/wp-json\/wp\/v2\/types\/post"}],"author":[{"embeddable":true,"href":"https:\/\/www.polishscience.pl\/de\/wp-json\/wp\/v2\/users\/9"}],"replies":[{"embeddable":true,"href":"https:\/\/www.polishscience.pl\/de\/wp-json\/wp\/v2\/comments?post=30706"}],"version-history":[{"count":0,"href":"https:\/\/www.polishscience.pl\/de\/wp-json\/wp\/v2\/posts\/30706\/revisions"}],"wp:attachment":[{"href":"https:\/\/www.polishscience.pl\/de\/wp-json\/wp\/v2\/media?parent=30706"}],"wp:term":[{"taxonomy":"category","embeddable":true,"href":"https:\/\/www.polishscience.pl\/de\/wp-json\/wp\/v2\/categories?post=30706"},{"taxonomy":"post_tag","embeddable":true,"href":"https:\/\/www.polishscience.pl\/de\/wp-json\/wp\/v2\/tags?post=30706"}],"curies":[{"name":"wp","href":"https:\/\/api.w.org\/{rel}","templated":true}]}}