{"id":29617,"date":"2018-07-30T10:55:49","date_gmt":"2018-07-30T08:55:49","guid":{"rendered":"http:\/\/polishscience.pl\/?p=29617"},"modified":"2018-07-30T10:27:03","modified_gmt":"2018-07-30T08:27:03","slug":"vizeminister-mueller-ueber-die-unterstuetzung-der-hochschulen-bei-der-einfuehrung-der-bildungsreform","status":"publish","type":"post","link":"https:\/\/www.polishscience.pl\/de\/vizeminister-mueller-ueber-die-unterstuetzung-der-hochschulen-bei-der-einfuehrung-der-bildungsreform\/","title":{"rendered":"Vizeminister M\u00fcller \u00fcber die Unterst\u00fctzung der Hochschulen bei der Einf\u00fchrung der Bildungsreform"},"content":{"rendered":"<p><b>Nachdem Pr\u00e4sident Polens die Bildungsreform unterzeichnet, werden die Hochschulen dar\u00fcber benachrichtigt, was die Reform betrifft, wie sieht ihr Programm aus und worauf die Hochschulen bei ihrer Einf\u00fchrung seitens Ministeriums rechnen k\u00f6nnen \u2013 sagte Piotr M\u00fcller, Vizeminister f\u00fcr Wissenschaft und Hochschulbildung im Interview f\u00fcr Gazeta Prawna.<\/b><\/p>\n<p>Der Vizeminister versicherte, dass \u00a0ab September die Schulungen f\u00fcr F\u00fchrungskr\u00e4fte der Hochschulen und thematische Schulungen durchgef\u00fchrt werden. Im September wird auch ein Handbuch zu dieser Reform herausgegeben. Es beinhaltet die Informationen, was nach der neuen Bildungsreform an der Hochschule ge\u00e4ndert werden soll, innerhalb welcher Frist und wie sehen die Unterschiede zwischen dem aktuellen und zuk\u00fcnftigen Zustand aus.<\/p>\n<p>Mehr:<br \/>\n<a href=\"http:\/\/www.gazetaprawna.pl\/amp\/1190542,wiceminister-m-ller-o-ustawie-2-0-odchodzimy-od-punktowania-samej-liczby-profesorow-wywiad.html\">http:\/\/www.gazetaprawna.pl\/amp\/1190542,wiceminister-m-ller-o-ustawie-2-0-odchodzimy-od-punktowania-samej-liczby-profesorow-wywiad.html<\/a><\/p>\n","protected":false},"excerpt":{"rendered":"<p>Nachdem Pr\u00e4sident Polens die Bildungsreform unterzeichnet, werden die Hochschulen dar\u00fcber benachrichtigt, was die Reform betrifft, wie sieht ihr Programm aus und worauf die Hochschulen bei ihrer Einf\u00fchrung seitens Ministeriums rechnen k\u00f6nnen \u2013 sagte Piotr M\u00fcller, Vizeminister f\u00fcr Wissenschaft und Hochschulbildung im Interview f\u00fcr Gazeta Prawna. Der Vizeminister versicherte, dass \u00a0ab September die Schulungen f\u00fcr F\u00fchrungskr\u00e4fte [&hellip;]<\/p>\n","protected":false},"author":6,"featured_media":0,"comment_status":"closed","ping_status":"closed","sticky":false,"template":"","format":"standard","meta":[],"categories":[59],"tags":[],"_links":{"self":[{"href":"https:\/\/www.polishscience.pl\/de\/wp-json\/wp\/v2\/posts\/29617"}],"collection":[{"href":"https:\/\/www.polishscience.pl\/de\/wp-json\/wp\/v2\/posts"}],"about":[{"href":"https:\/\/www.polishscience.pl\/de\/wp-json\/wp\/v2\/types\/post"}],"author":[{"embeddable":true,"href":"https:\/\/www.polishscience.pl\/de\/wp-json\/wp\/v2\/users\/6"}],"replies":[{"embeddable":true,"href":"https:\/\/www.polishscience.pl\/de\/wp-json\/wp\/v2\/comments?post=29617"}],"version-history":[{"count":0,"href":"https:\/\/www.polishscience.pl\/de\/wp-json\/wp\/v2\/posts\/29617\/revisions"}],"wp:attachment":[{"href":"https:\/\/www.polishscience.pl\/de\/wp-json\/wp\/v2\/media?parent=29617"}],"wp:term":[{"taxonomy":"category","embeddable":true,"href":"https:\/\/www.polishscience.pl\/de\/wp-json\/wp\/v2\/categories?post=29617"},{"taxonomy":"post_tag","embeddable":true,"href":"https:\/\/www.polishscience.pl\/de\/wp-json\/wp\/v2\/tags?post=29617"}],"curies":[{"name":"wp","href":"https:\/\/api.w.org\/{rel}","templated":true}]}}